{"id":36785,"date":"2024-01-10T07:59:53","date_gmt":"2024-01-10T07:59:53","guid":{"rendered":"https:\/\/www.logicenters.com\/?p=36785"},"modified":"2024-01-10T08:03:11","modified_gmt":"2024-01-10T08:03:11","slug":"logicenters-utvecklar-fastighet-pa-8000-m2-till-puumerkki-i-finland","status":"publish","type":"post","link":"https:\/\/www.logicenters.sultandev.se\/sv\/logicenters-utvecklar-fastighet-pa-8000-m2-till-puumerkki-i-finland\/","title":{"rendered":"Logicenters utvecklar fastighet p\u00e5 8000 m2 till Puumerkki i Finland"},"content":{"rendered":"<p><strong>Nu st\u00e5r det klart att Logicenters har f\u00f6rv\u00e4rvat 19 000 m<sup>2<\/sup> mark i n\u00e4rheten av Helsingfors flygplats. I samband med aff\u00e4ren skrev Logicenters \u00e4ven p\u00e5 ett avtal med Puumerkki Oy som kommer att hyra den nya fastigheten fr\u00e5n och med sommaren 2025.<\/strong><\/p>\n<p>&nbsp;<\/p>\n<p>Logistikfastighetsakt\u00f6ren Logicenters forts\u00e4tter sin expansionsresa genom ett markf\u00f6rv\u00e4rv i finska Vanda. Marken s\u00e4ljs av byggf\u00f6retaget Jakte Toimitilat Oy som kommer att utveckla en ny logistikfastighet p\u00e5 tomten. I samband med k\u00f6pet har Logicenters \u00e4ven skrivit p\u00e5 ett l\u00e5ngsiktigt hyresavtal med tr\u00e4konstruktionsexperten Puumerkki Oy.<\/p>\n<p>&nbsp;<\/p>\n<p><em>\u201dVi \u00e4r v\u00e4ldigt glada att starta det nya \u00e5ret med detta f\u00f6rv\u00e4rv. Det \u00e4r en eftertraktad mark med ett mycket bra logistikl\u00e4ge. Att vi har skrivit ett hyresavtal med Puumerkki, som kommer att f\u00e5 en fastighet speciellt anpassad utifr\u00e5n deras behov, k\u00e4nns riktigt roligt. Det st\u00e4rker v\u00e5r n\u00e4rvaro i Finland ytterligare och vi ser fram emot \u00e4nnu fler sp\u00e4nnande f\u00f6rv\u00e4rv under \u00e5ret\u201d, <\/em>s\u00e4ger Jarkko \u00c4ik\u00e4\u00e4, Commercial Director, Logicenters Finland.<\/p>\n<p>&nbsp;<\/p>\n<p>Puumerkki \u00e4r experter inom tr\u00e4konstruktionsprodukter och tj\u00e4nster. F\u00f6retaget verkar inom fem produktkategorier s\u00e5som dekorativa produkter, fasadkonstruktion, ramkonstruktion, m\u00f6bleringsl\u00f6sningar och bastuprodukter. Den nya anl\u00e4ggningen p\u00e5 8000 m<sup>2<\/sup> kommer att utvecklas utifr\u00e5n Puumerkkis \u00f6nskem\u00e5l och behov. Fastigheten f\u00f6rv\u00e4ntas att st\u00e5 klar under sommaren 2025.<\/p>\n<p>&nbsp;<\/p>\n<p><em>\u201cVi \u00e4r mycket n\u00f6jda \u00f6ver att den nya fastigheten kommer att f\u00f6rverkligas utefter v\u00e5ra och v\u00e5ra kunders behov. Platsen var en viktig faktor n\u00e4r vi funderade p\u00e5 att f\u00f6rb\u00e4ttra v\u00e5r tillg\u00e4nglighet och servicef\u00f6rm\u00e5ga i Helsingforsomr\u00e5det. P\u00e5 den nya platsen \u00e4r vi n\u00e4rmare v\u00e5ra kunder och flytten g\u00e5r ocks\u00e5 i linje med v\u00e5rt m\u00e5l om en mer milj\u00f6v\u00e4nlig verksamhet\u201d, <\/em>s\u00e4ger Panu Miettinen, CEO p\u00e5 Puumerkki.<\/p>\n","protected":false},"excerpt":{"rendered":"<p>Nu st\u00e5r det klart att Logicenters har f\u00f6rv\u00e4rvat 19 000 m2 mark i n\u00e4rheten av Helsingfors&#8230;<\/p>\n","protected":false},"author":13,"featured_media":36780,"comment_status":"closed","ping_status":"closed","sticky":false,"template":"","format":"standard","meta":{"_acf_changed":false,"footnotes":""},"categories":[79,103],"tags":[],"class_list":["post-36785","post","type-post","status-publish","format-standard","has-post-thumbnail","hentry","category-finland-sv","category-vanda"],"acf":[],"yoast_head":"<!-- This site is optimized with the Yoast SEO plugin v23.8 - https:\/\/yoast.com\/wordpress\/plugins\/seo\/ -->\n<title>Logicenters utvecklar fastighet p\u00e5 8000 m2 till Puumerkki i Finland &#8211; Logicenters<\/title>\n<meta name=\"robots\" content=\"noindex, follow, max-snippet:-1, max-image-preview:large, max-video-preview:-1\" \/>\n<meta property=\"og:locale\" content=\"sv_SE\" \/>\n<meta property=\"og:type\" content=\"article\" \/>\n<meta property=\"og:title\" content=\"Logicenters utvecklar fastighet p\u00e5 8000 m2 till Puumerkki i Finland &#8211; Logicenters\" \/>\n<meta property=\"og:description\" content=\"Nu st\u00e5r det klart att Logicenters har f\u00f6rv\u00e4rvat 19 000 m2 mark i n\u00e4rheten av Helsingfors...\" \/>\n<meta property=\"og:url\" content=\"https:\/\/www.logicenters.sultandev.se\/sv\/logicenters-utvecklar-fastighet-pa-8000-m2-till-puumerkki-i-finland\/\" \/>\n<meta property=\"og:site_name\" content=\"Logicenters\" \/>\n<meta property=\"article:published_time\" content=\"2024-01-10T07:59:53+00:00\" \/>\n<meta property=\"article:modified_time\" content=\"2024-01-10T08:03:11+00:00\" \/>\n<meta property=\"og:image\" content=\"https:\/\/www.logicenters.sultandev.se\/uploads\/2024\/01\/Puumerkki-scaled.jpg\" \/>\n\t<meta property=\"og:image:width\" content=\"2560\" \/>\n\t<meta property=\"og:image:height\" content=\"1405\" \/>\n\t<meta property=\"og:image:type\" content=\"image\/jpeg\" \/>\n<meta name=\"author\" content=\"Ludwig Persson\" \/>\n<meta name=\"twitter:card\" content=\"summary_large_image\" \/>\n<meta name=\"twitter:label1\" content=\"Written by\" \/>\n\t<meta name=\"twitter:data1\" content=\"Ludwig Persson\" \/>\n\t<meta name=\"twitter:label2\" content=\"Est. reading time\" \/>\n\t<meta name=\"twitter:data2\" content=\"2 minutes\" \/>\n<script type=\"application\/ld+json\" class=\"yoast-schema-graph\">{\"@context\":\"https:\/\/schema.org\",\"@graph\":[{\"@type\":\"Article\",\"@id\":\"https:\/\/www.logicenters.sultandev.se\/sv\/logicenters-utvecklar-fastighet-pa-8000-m2-till-puumerkki-i-finland\/#article\",\"isPartOf\":{\"@id\":\"https:\/\/www.logicenters.sultandev.se\/sv\/logicenters-utvecklar-fastighet-pa-8000-m2-till-puumerkki-i-finland\/\"},\"author\":{\"name\":\"Ludwig Persson\",\"@id\":\"https:\/\/logicenters.sultandev.se\/#\/schema\/person\/8380cf72678e4fc57ee72471da871852\"},\"headline\":\"Logicenters utvecklar fastighet p\u00e5 8000 m2 till Puumerkki i Finland\",\"datePublished\":\"2024-01-10T07:59:53+00:00\",\"dateModified\":\"2024-01-10T08:03:11+00:00\",\"mainEntityOfPage\":{\"@id\":\"https:\/\/www.logicenters.sultandev.se\/sv\/logicenters-utvecklar-fastighet-pa-8000-m2-till-puumerkki-i-finland\/\"},\"wordCount\":327,\"publisher\":{\"@id\":\"https:\/\/logicenters.sultandev.se\/#organization\"},\"image\":{\"@id\":\"https:\/\/www.logicenters.sultandev.se\/sv\/logicenters-utvecklar-fastighet-pa-8000-m2-till-puumerkki-i-finland\/#primaryimage\"},\"thumbnailUrl\":\"https:\/\/www.logicenters.sultandev.se\/uploads\/2024\/01\/Puumerkki-scaled.jpg\",\"articleSection\":[\"Finland\",\"Vanda\"],\"inLanguage\":\"sv-SE\"},{\"@type\":\"WebPage\",\"@id\":\"https:\/\/www.logicenters.sultandev.se\/sv\/logicenters-utvecklar-fastighet-pa-8000-m2-till-puumerkki-i-finland\/\",\"url\":\"https:\/\/www.logicenters.sultandev.se\/sv\/logicenters-utvecklar-fastighet-pa-8000-m2-till-puumerkki-i-finland\/\",\"name\":\"Logicenters utvecklar fastighet p\u00e5 8000 m2 till Puumerkki i Finland &#8211; Logicenters\",\"isPartOf\":{\"@id\":\"https:\/\/logicenters.sultandev.se\/#website\"},\"primaryImageOfPage\":{\"@id\":\"https:\/\/www.logicenters.sultandev.se\/sv\/logicenters-utvecklar-fastighet-pa-8000-m2-till-puumerkki-i-finland\/#primaryimage\"},\"image\":{\"@id\":\"https:\/\/www.logicenters.sultandev.se\/sv\/logicenters-utvecklar-fastighet-pa-8000-m2-till-puumerkki-i-finland\/#primaryimage\"},\"thumbnailUrl\":\"https:\/\/www.logicenters.sultandev.se\/uploads\/2024\/01\/Puumerkki-scaled.jpg\",\"datePublished\":\"2024-01-10T07:59:53+00:00\",\"dateModified\":\"2024-01-10T08:03:11+00:00\",\"breadcrumb\":{\"@id\":\"https:\/\/www.logicenters.sultandev.se\/sv\/logicenters-utvecklar-fastighet-pa-8000-m2-till-puumerkki-i-finland\/#breadcrumb\"},\"inLanguage\":\"sv-SE\",\"potentialAction\":[{\"@type\":\"ReadAction\",\"target\":[\"https:\/\/www.logicenters.sultandev.se\/sv\/logicenters-utvecklar-fastighet-pa-8000-m2-till-puumerkki-i-finland\/\"]}]},{\"@type\":\"ImageObject\",\"inLanguage\":\"sv-SE\",\"@id\":\"https:\/\/www.logicenters.sultandev.se\/sv\/logicenters-utvecklar-fastighet-pa-8000-m2-till-puumerkki-i-finland\/#primaryimage\",\"url\":\"https:\/\/www.logicenters.sultandev.se\/uploads\/2024\/01\/Puumerkki-scaled.jpg\",\"contentUrl\":\"https:\/\/www.logicenters.sultandev.se\/uploads\/2024\/01\/Puumerkki-scaled.jpg\",\"width\":2560,\"height\":1405},{\"@type\":\"BreadcrumbList\",\"@id\":\"https:\/\/www.logicenters.sultandev.se\/sv\/logicenters-utvecklar-fastighet-pa-8000-m2-till-puumerkki-i-finland\/#breadcrumb\",\"itemListElement\":[{\"@type\":\"ListItem\",\"position\":1,\"name\":\"Home\",\"item\":\"https:\/\/www.logicenters.sultandev.se\/sv\/\"},{\"@type\":\"ListItem\",\"position\":2,\"name\":\"Logicenters utvecklar fastighet p\u00e5 8000 m2 till Puumerkki i Finland\"}]},{\"@type\":\"WebSite\",\"@id\":\"https:\/\/logicenters.sultandev.se\/#website\",\"url\":\"https:\/\/logicenters.sultandev.se\/\",\"name\":\"Logicenters\",\"description\":\"The leader of modern logistics properties in the nordics\",\"publisher\":{\"@id\":\"https:\/\/logicenters.sultandev.se\/#organization\"},\"potentialAction\":[{\"@type\":\"SearchAction\",\"target\":{\"@type\":\"EntryPoint\",\"urlTemplate\":\"https:\/\/logicenters.sultandev.se\/?s={search_term_string}\"},\"query-input\":{\"@type\":\"PropertyValueSpecification\",\"valueRequired\":true,\"valueName\":\"search_term_string\"}}],\"inLanguage\":\"sv-SE\"},{\"@type\":\"Organization\",\"@id\":\"https:\/\/logicenters.sultandev.se\/#organization\",\"name\":\"Logicenters\",\"url\":\"https:\/\/logicenters.sultandev.se\/\",\"logo\":{\"@type\":\"ImageObject\",\"inLanguage\":\"sv-SE\",\"@id\":\"https:\/\/logicenters.sultandev.se\/#\/schema\/logo\/image\/\",\"url\":\"https:\/\/logicenters.sultandev.se\/uploads\/2024\/10\/LOGGA.png\",\"contentUrl\":\"https:\/\/logicenters.sultandev.se\/uploads\/2024\/10\/LOGGA.png\",\"width\":600,\"height\":74,\"caption\":\"Logicenters\"},\"image\":{\"@id\":\"https:\/\/logicenters.sultandev.se\/#\/schema\/logo\/image\/\"},\"sameAs\":[\"https:\/\/www.linkedin.com\/company\/logicenters\/yoast\"]},{\"@type\":\"Person\",\"@id\":\"https:\/\/logicenters.sultandev.se\/#\/schema\/person\/8380cf72678e4fc57ee72471da871852\",\"name\":\"Ludwig Persson\",\"sameAs\":[\"http:\/\/www.logicenters.com\"]}]}<\/script>\n<!-- \/ Yoast SEO plugin. -->","yoast_head_json":{"title":"Logicenters utvecklar fastighet p\u00e5 8000 m2 till Puumerkki i Finland &#8211; Logicenters","robots":{"index":"noindex","follow":"follow","max-snippet":"max-snippet:-1","max-image-preview":"max-image-preview:large","max-video-preview":"max-video-preview:-1"},"og_locale":"sv_SE","og_type":"article","og_title":"Logicenters utvecklar fastighet p\u00e5 8000 m2 till Puumerkki i Finland &#8211; Logicenters","og_description":"Nu st\u00e5r det klart att Logicenters har f\u00f6rv\u00e4rvat 19 000 m2 mark i n\u00e4rheten av Helsingfors...","og_url":"https:\/\/www.logicenters.sultandev.se\/sv\/logicenters-utvecklar-fastighet-pa-8000-m2-till-puumerkki-i-finland\/","og_site_name":"Logicenters","article_published_time":"2024-01-10T07:59:53+00:00","article_modified_time":"2024-01-10T08:03:11+00:00","og_image":[{"width":2560,"height":1405,"url":"https:\/\/www.logicenters.sultandev.se\/uploads\/2024\/01\/Puumerkki-scaled.jpg","type":"image\/jpeg"}],"author":"Ludwig Persson","twitter_card":"summary_large_image","twitter_misc":{"Written by":"Ludwig Persson","Est. reading time":"2 minutes"},"schema":{"@context":"https:\/\/schema.org","@graph":[{"@type":"Article","@id":"https:\/\/www.logicenters.sultandev.se\/sv\/logicenters-utvecklar-fastighet-pa-8000-m2-till-puumerkki-i-finland\/#article","isPartOf":{"@id":"https:\/\/www.logicenters.sultandev.se\/sv\/logicenters-utvecklar-fastighet-pa-8000-m2-till-puumerkki-i-finland\/"},"author":{"name":"Ludwig Persson","@id":"https:\/\/logicenters.sultandev.se\/#\/schema\/person\/8380cf72678e4fc57ee72471da871852"},"headline":"Logicenters utvecklar fastighet p\u00e5 8000 m2 till Puumerkki i Finland","datePublished":"2024-01-10T07:59:53+00:00","dateModified":"2024-01-10T08:03:11+00:00","mainEntityOfPage":{"@id":"https:\/\/www.logicenters.sultandev.se\/sv\/logicenters-utvecklar-fastighet-pa-8000-m2-till-puumerkki-i-finland\/"},"wordCount":327,"publisher":{"@id":"https:\/\/logicenters.sultandev.se\/#organization"},"image":{"@id":"https:\/\/www.logicenters.sultandev.se\/sv\/logicenters-utvecklar-fastighet-pa-8000-m2-till-puumerkki-i-finland\/#primaryimage"},"thumbnailUrl":"https:\/\/www.logicenters.sultandev.se\/uploads\/2024\/01\/Puumerkki-scaled.jpg","articleSection":["Finland","Vanda"],"inLanguage":"sv-SE"},{"@type":"WebPage","@id":"https:\/\/www.logicenters.sultandev.se\/sv\/logicenters-utvecklar-fastighet-pa-8000-m2-till-puumerkki-i-finland\/","url":"https:\/\/www.logicenters.sultandev.se\/sv\/logicenters-utvecklar-fastighet-pa-8000-m2-till-puumerkki-i-finland\/","name":"Logicenters utvecklar fastighet p\u00e5 8000 m2 till Puumerkki i Finland &#8211; Logicenters","isPartOf":{"@id":"https:\/\/logicenters.sultandev.se\/#website"},"primaryImageOfPage":{"@id":"https:\/\/www.logicenters.sultandev.se\/sv\/logicenters-utvecklar-fastighet-pa-8000-m2-till-puumerkki-i-finland\/#primaryimage"},"image":{"@id":"https:\/\/www.logicenters.sultandev.se\/sv\/logicenters-utvecklar-fastighet-pa-8000-m2-till-puumerkki-i-finland\/#primaryimage"},"thumbnailUrl":"https:\/\/www.logicenters.sultandev.se\/uploads\/2024\/01\/Puumerkki-scaled.jpg","datePublished":"2024-01-10T07:59:53+00:00","dateModified":"2024-01-10T08:03:11+00:00","breadcrumb":{"@id":"https:\/\/www.logicenters.sultandev.se\/sv\/logicenters-utvecklar-fastighet-pa-8000-m2-till-puumerkki-i-finland\/#breadcrumb"},"inLanguage":"sv-SE","potentialAction":[{"@type":"ReadAction","target":["https:\/\/www.logicenters.sultandev.se\/sv\/logicenters-utvecklar-fastighet-pa-8000-m2-till-puumerkki-i-finland\/"]}]},{"@type":"ImageObject","inLanguage":"sv-SE","@id":"https:\/\/www.logicenters.sultandev.se\/sv\/logicenters-utvecklar-fastighet-pa-8000-m2-till-puumerkki-i-finland\/#primaryimage","url":"https:\/\/www.logicenters.sultandev.se\/uploads\/2024\/01\/Puumerkki-scaled.jpg","contentUrl":"https:\/\/www.logicenters.sultandev.se\/uploads\/2024\/01\/Puumerkki-scaled.jpg","width":2560,"height":1405},{"@type":"BreadcrumbList","@id":"https:\/\/www.logicenters.sultandev.se\/sv\/logicenters-utvecklar-fastighet-pa-8000-m2-till-puumerkki-i-finland\/#breadcrumb","itemListElement":[{"@type":"ListItem","position":1,"name":"Home","item":"https:\/\/www.logicenters.sultandev.se\/sv\/"},{"@type":"ListItem","position":2,"name":"Logicenters utvecklar fastighet p\u00e5 8000 m2 till Puumerkki i Finland"}]},{"@type":"WebSite","@id":"https:\/\/logicenters.sultandev.se\/#website","url":"https:\/\/logicenters.sultandev.se\/","name":"Logicenters","description":"The leader of modern logistics properties in the nordics","publisher":{"@id":"https:\/\/logicenters.sultandev.se\/#organization"},"potentialAction":[{"@type":"SearchAction","target":{"@type":"EntryPoint","urlTemplate":"https:\/\/logicenters.sultandev.se\/?s={search_term_string}"},"query-input":{"@type":"PropertyValueSpecification","valueRequired":true,"valueName":"search_term_string"}}],"inLanguage":"sv-SE"},{"@type":"Organization","@id":"https:\/\/logicenters.sultandev.se\/#organization","name":"Logicenters","url":"https:\/\/logicenters.sultandev.se\/","logo":{"@type":"ImageObject","inLanguage":"sv-SE","@id":"https:\/\/logicenters.sultandev.se\/#\/schema\/logo\/image\/","url":"https:\/\/logicenters.sultandev.se\/uploads\/2024\/10\/LOGGA.png","contentUrl":"https:\/\/logicenters.sultandev.se\/uploads\/2024\/10\/LOGGA.png","width":600,"height":74,"caption":"Logicenters"},"image":{"@id":"https:\/\/logicenters.sultandev.se\/#\/schema\/logo\/image\/"},"sameAs":["https:\/\/www.linkedin.com\/company\/logicenters\/yoast"]},{"@type":"Person","@id":"https:\/\/logicenters.sultandev.se\/#\/schema\/person\/8380cf72678e4fc57ee72471da871852","name":"Ludwig Persson","sameAs":["http:\/\/www.logicenters.com"]}]}},"_links":{"self":[{"href":"https:\/\/www.logicenters.sultandev.se\/sv\/wp-json\/wp\/v2\/posts\/36785","targetHints":{"allow":["GET"]}}],"collection":[{"href":"https:\/\/www.logicenters.sultandev.se\/sv\/wp-json\/wp\/v2\/posts"}],"about":[{"href":"https:\/\/www.logicenters.sultandev.se\/sv\/wp-json\/wp\/v2\/types\/post"}],"author":[{"embeddable":true,"href":"https:\/\/www.logicenters.sultandev.se\/sv\/wp-json\/wp\/v2\/users\/13"}],"replies":[{"embeddable":true,"href":"https:\/\/www.logicenters.sultandev.se\/sv\/wp-json\/wp\/v2\/comments?post=36785"}],"version-history":[{"count":1,"href":"https:\/\/www.logicenters.sultandev.se\/sv\/wp-json\/wp\/v2\/posts\/36785\/revisions"}],"predecessor-version":[{"id":36786,"href":"https:\/\/www.logicenters.sultandev.se\/sv\/wp-json\/wp\/v2\/posts\/36785\/revisions\/36786"}],"wp:featuredmedia":[{"embeddable":true,"href":"https:\/\/www.logicenters.sultandev.se\/sv\/wp-json\/wp\/v2\/media\/36780"}],"wp:attachment":[{"href":"https:\/\/www.logicenters.sultandev.se\/sv\/wp-json\/wp\/v2\/media?parent=36785"}],"wp:term":[{"taxonomy":"category","embeddable":true,"href":"https:\/\/www.logicenters.sultandev.se\/sv\/wp-json\/wp\/v2\/categories?post=36785"},{"taxonomy":"post_tag","embeddable":true,"href":"https:\/\/www.logicenters.sultandev.se\/sv\/wp-json\/wp\/v2\/tags?post=36785"}],"curies":[{"name":"wp","href":"https:\/\/api.w.org\/{rel}","templated":true}]}}