{"id":22811,"date":"2022-12-14T12:26:58","date_gmt":"2022-12-14T12:26:58","guid":{"rendered":"http:\/\/logicenters.sultandev.se\/?p=22811"},"modified":"2022-12-14T12:26:58","modified_gmt":"2022-12-14T12:26:58","slug":"logicenters-forvarvar-ny-fastighet-utanfor-oslo","status":"publish","type":"post","link":"https:\/\/www.logicenters.sultandev.se\/sv\/logicenters-forvarvar-ny-fastighet-utanfor-oslo\/","title":{"rendered":"Logicenters f\u00f6rv\u00e4rvar ny fastighet utanf\u00f6r Oslo"},"content":{"rendered":"<div class=\"page\" title=\"Page 1\">\n<div class=\"layoutArea\">\n<div class=\"column\">\n<p><strong>Logicenters fortsa\u0308tter sin etablering i Norge. Nu sta\u030ar det klart att logistikfastighetsakto\u0308ren har fo\u0308rva\u0308rvat en fullt uthyrd anla\u0308ggning pa\u030a 5 900 m2 i Dr\u00f8bak, strax so\u0308der om Oslo, med potential fo\u0308r vidare utveckling.<\/strong><\/p>\n<div class=\"page\" title=\"Page 1\">\n<div class=\"layoutArea\">\n<div class=\"column\">\n<p>I fo\u0308rra veckan stod det klart att Logicenters uto\u0308kar sin na\u0308rvaro i Norge genom ett fo\u0308rva\u0308rv av en last mile-fastighet i Skytta, strax norr om Oslos stadsgra\u0308ns. Nu fortsa\u0308tter logistikfastighetsakto\u0308rens satsning runt huvudstadsomra\u030adet da\u030a man a\u0308ven fo\u0308rva\u0308rvat en fullt uthyrd anla\u0308ggning i Dr\u00f8bak, strax so\u0308der om Oslo.<\/p>\n<p>Logicenters nya fastighet, Holterkollveien 3, pa\u030a 5 900m2 a\u0308r idag fullt uthyrd, men med ytterligare expansionsmo\u0308jligheter. Logicenters planerar att starta utvecklingen av marken under de tva\u030a kommande a\u030aren.<\/p>\n<p>\u201d<em>Vi pa\u030a Logicenters a\u0308r va\u0308ldigt no\u0308jda o\u0308ver att kunna fortsa\u0308tta va\u030ar satsning pa\u030a den norska logistikmarknaden da\u0308r Osloregionen a\u0308r landets prima\u0308ra utga\u030angspunkt. Na\u0308rheten till den so\u0308derga\u030aende va\u0308gen till Sverige passar utma\u0308rkt fo\u0308r hyresga\u0308ster med gra\u0308nso\u0308verskridande verksamhet i Sverige<\/em>\u201d, sa\u0308ger Matthias Kettelhoit, CEO pa\u030a Logicenters.<\/p>\n<p>Anla\u0308ggningen anva\u0308nds som en matdistributionsanla\u0308ggning, som fo\u0308r na\u0308rvarande a\u0308r uthyrd till den la\u030angsiktiga hyresga\u0308sten Foodbroker AS som a\u0308r en del av DLVRY Group.<\/p>\n<p>\u201d<em>Holterkollveien 3 a\u0308r ett perfekt fo\u0308rva\u0308rv fo\u0308r va\u030ar strategi pa\u030a den norska marknaden. Det a\u0308r en ho\u0308gkvalitativ fastighet med utvecklingspotential pa\u030a en attraktiv plats, so\u0308der om Oslo. Vi ser en stor efterfra\u030aga pa\u030a anla\u0308ggningar runt Oslo och vi hopas att det ha\u0308r a\u0308r ett av ma\u030anga fo\u0308rva\u0308rv i regionen framo\u0308ver<\/em>&#8220;, sa\u0308ger J\u00f8rgen Bra\u030aten Nordby, Investment Manager pa\u030a Logicenters.<\/p>\n<\/div>\n<\/div>\n<\/div>\n<\/div>\n<\/div>\n<\/div>\n","protected":false},"excerpt":{"rendered":"<p>Logicenters fortsa\u0308tter sin etablering i Norge. Nu sta\u030ar det klart att logistikfastighetsakto\u0308ren har fo\u0308rva\u0308rvat en fullt&#8230;<\/p>\n","protected":false},"author":13,"featured_media":0,"comment_status":"closed","ping_status":"closed","sticky":false,"template":"","format":"standard","meta":{"_acf_changed":false,"footnotes":""},"categories":[77,214,78],"tags":[],"class_list":["post-22811","post","type-post","status-publish","format-standard","hentry","category-norge","category-nyheter","category-oslo-sv"],"acf":[],"yoast_head":"<!-- This site is optimized with the Yoast SEO plugin v23.8 - https:\/\/yoast.com\/wordpress\/plugins\/seo\/ -->\n<title>Logicenters f\u00f6rv\u00e4rvar ny fastighet utanf\u00f6r Oslo &#8211; Logicenters<\/title>\n<meta name=\"robots\" content=\"noindex, follow, max-snippet:-1, max-image-preview:large, max-video-preview:-1\" \/>\n<meta property=\"og:locale\" content=\"sv_SE\" \/>\n<meta property=\"og:type\" content=\"article\" \/>\n<meta property=\"og:title\" content=\"Logicenters f\u00f6rv\u00e4rvar ny fastighet utanf\u00f6r Oslo &#8211; Logicenters\" \/>\n<meta property=\"og:description\" content=\"Logicenters fortsa\u0308tter sin etablering i Norge. Nu sta\u030ar det klart att logistikfastighetsakto\u0308ren har fo\u0308rva\u0308rvat en fullt...\" \/>\n<meta property=\"og:url\" content=\"https:\/\/www.logicenters.sultandev.se\/sv\/logicenters-forvarvar-ny-fastighet-utanfor-oslo\/\" \/>\n<meta property=\"og:site_name\" content=\"Logicenters\" \/>\n<meta property=\"article:published_time\" content=\"2022-12-14T12:26:58+00:00\" \/>\n<meta name=\"author\" content=\"Ludwig Persson\" \/>\n<meta name=\"twitter:card\" content=\"summary_large_image\" \/>\n<meta name=\"twitter:label1\" content=\"Written by\" \/>\n\t<meta name=\"twitter:data1\" content=\"Ludwig Persson\" \/>\n\t<meta name=\"twitter:label2\" content=\"Est. reading time\" \/>\n\t<meta name=\"twitter:data2\" content=\"2 minutes\" \/>\n<script type=\"application\/ld+json\" class=\"yoast-schema-graph\">{\"@context\":\"https:\/\/schema.org\",\"@graph\":[{\"@type\":\"Article\",\"@id\":\"https:\/\/www.logicenters.sultandev.se\/sv\/logicenters-forvarvar-ny-fastighet-utanfor-oslo\/#article\",\"isPartOf\":{\"@id\":\"https:\/\/www.logicenters.sultandev.se\/sv\/logicenters-forvarvar-ny-fastighet-utanfor-oslo\/\"},\"author\":{\"name\":\"Ludwig Persson\",\"@id\":\"http:\/\/www.logicenters.sultandev.se\/#\/schema\/person\/8380cf72678e4fc57ee72471da871852\"},\"headline\":\"Logicenters f\u00f6rv\u00e4rvar ny fastighet utanf\u00f6r Oslo\",\"datePublished\":\"2022-12-14T12:26:58+00:00\",\"dateModified\":\"2022-12-14T12:26:58+00:00\",\"mainEntityOfPage\":{\"@id\":\"https:\/\/www.logicenters.sultandev.se\/sv\/logicenters-forvarvar-ny-fastighet-utanfor-oslo\/\"},\"wordCount\":312,\"publisher\":{\"@id\":\"http:\/\/www.logicenters.sultandev.se\/#organization\"},\"articleSection\":[\"Norge\",\"Nyheter\",\"Oslo\"],\"inLanguage\":\"sv-SE\"},{\"@type\":\"WebPage\",\"@id\":\"https:\/\/www.logicenters.sultandev.se\/sv\/logicenters-forvarvar-ny-fastighet-utanfor-oslo\/\",\"url\":\"https:\/\/www.logicenters.sultandev.se\/sv\/logicenters-forvarvar-ny-fastighet-utanfor-oslo\/\",\"name\":\"Logicenters f\u00f6rv\u00e4rvar ny fastighet utanf\u00f6r Oslo &#8211; Logicenters\",\"isPartOf\":{\"@id\":\"http:\/\/www.logicenters.sultandev.se\/#website\"},\"datePublished\":\"2022-12-14T12:26:58+00:00\",\"dateModified\":\"2022-12-14T12:26:58+00:00\",\"breadcrumb\":{\"@id\":\"https:\/\/www.logicenters.sultandev.se\/sv\/logicenters-forvarvar-ny-fastighet-utanfor-oslo\/#breadcrumb\"},\"inLanguage\":\"sv-SE\",\"potentialAction\":[{\"@type\":\"ReadAction\",\"target\":[\"https:\/\/www.logicenters.sultandev.se\/sv\/logicenters-forvarvar-ny-fastighet-utanfor-oslo\/\"]}]},{\"@type\":\"BreadcrumbList\",\"@id\":\"https:\/\/www.logicenters.sultandev.se\/sv\/logicenters-forvarvar-ny-fastighet-utanfor-oslo\/#breadcrumb\",\"itemListElement\":[{\"@type\":\"ListItem\",\"position\":1,\"name\":\"Home\",\"item\":\"https:\/\/www.logicenters.sultandev.se\/sv\/\"},{\"@type\":\"ListItem\",\"position\":2,\"name\":\"Logicenters f\u00f6rv\u00e4rvar ny fastighet utanf\u00f6r Oslo\"}]},{\"@type\":\"WebSite\",\"@id\":\"http:\/\/www.logicenters.sultandev.se\/#website\",\"url\":\"http:\/\/www.logicenters.sultandev.se\/\",\"name\":\"Logicenters\",\"description\":\"The leader of modern logistics properties in the nordics\",\"publisher\":{\"@id\":\"http:\/\/www.logicenters.sultandev.se\/#organization\"},\"potentialAction\":[{\"@type\":\"SearchAction\",\"target\":{\"@type\":\"EntryPoint\",\"urlTemplate\":\"http:\/\/www.logicenters.sultandev.se\/?s={search_term_string}\"},\"query-input\":{\"@type\":\"PropertyValueSpecification\",\"valueRequired\":true,\"valueName\":\"search_term_string\"}}],\"inLanguage\":\"sv-SE\"},{\"@type\":\"Organization\",\"@id\":\"http:\/\/www.logicenters.sultandev.se\/#organization\",\"name\":\"Logicenters\",\"url\":\"http:\/\/www.logicenters.sultandev.se\/\",\"logo\":{\"@type\":\"ImageObject\",\"inLanguage\":\"sv-SE\",\"@id\":\"http:\/\/www.logicenters.sultandev.se\/#\/schema\/logo\/image\/\",\"url\":\"https:\/\/logicenters.sultandev.se\/uploads\/2024\/10\/LOGGA.png\",\"contentUrl\":\"https:\/\/logicenters.sultandev.se\/uploads\/2024\/10\/LOGGA.png\",\"width\":600,\"height\":74,\"caption\":\"Logicenters\"},\"image\":{\"@id\":\"http:\/\/www.logicenters.sultandev.se\/#\/schema\/logo\/image\/\"},\"sameAs\":[\"https:\/\/www.linkedin.com\/company\/logicenters\/yoast\"]},{\"@type\":\"Person\",\"@id\":\"http:\/\/www.logicenters.sultandev.se\/#\/schema\/person\/8380cf72678e4fc57ee72471da871852\",\"name\":\"Ludwig Persson\",\"sameAs\":[\"http:\/\/www.logicenters.com\"]}]}<\/script>\n<!-- \/ Yoast SEO plugin. -->","yoast_head_json":{"title":"Logicenters f\u00f6rv\u00e4rvar ny fastighet utanf\u00f6r Oslo &#8211; Logicenters","robots":{"index":"noindex","follow":"follow","max-snippet":"max-snippet:-1","max-image-preview":"max-image-preview:large","max-video-preview":"max-video-preview:-1"},"og_locale":"sv_SE","og_type":"article","og_title":"Logicenters f\u00f6rv\u00e4rvar ny fastighet utanf\u00f6r Oslo &#8211; Logicenters","og_description":"Logicenters fortsa\u0308tter sin etablering i Norge. Nu sta\u030ar det klart att logistikfastighetsakto\u0308ren har fo\u0308rva\u0308rvat en fullt...","og_url":"https:\/\/www.logicenters.sultandev.se\/sv\/logicenters-forvarvar-ny-fastighet-utanfor-oslo\/","og_site_name":"Logicenters","article_published_time":"2022-12-14T12:26:58+00:00","author":"Ludwig Persson","twitter_card":"summary_large_image","twitter_misc":{"Written by":"Ludwig Persson","Est. reading time":"2 minutes"},"schema":{"@context":"https:\/\/schema.org","@graph":[{"@type":"Article","@id":"https:\/\/www.logicenters.sultandev.se\/sv\/logicenters-forvarvar-ny-fastighet-utanfor-oslo\/#article","isPartOf":{"@id":"https:\/\/www.logicenters.sultandev.se\/sv\/logicenters-forvarvar-ny-fastighet-utanfor-oslo\/"},"author":{"name":"Ludwig Persson","@id":"http:\/\/www.logicenters.sultandev.se\/#\/schema\/person\/8380cf72678e4fc57ee72471da871852"},"headline":"Logicenters f\u00f6rv\u00e4rvar ny fastighet utanf\u00f6r Oslo","datePublished":"2022-12-14T12:26:58+00:00","dateModified":"2022-12-14T12:26:58+00:00","mainEntityOfPage":{"@id":"https:\/\/www.logicenters.sultandev.se\/sv\/logicenters-forvarvar-ny-fastighet-utanfor-oslo\/"},"wordCount":312,"publisher":{"@id":"http:\/\/www.logicenters.sultandev.se\/#organization"},"articleSection":["Norge","Nyheter","Oslo"],"inLanguage":"sv-SE"},{"@type":"WebPage","@id":"https:\/\/www.logicenters.sultandev.se\/sv\/logicenters-forvarvar-ny-fastighet-utanfor-oslo\/","url":"https:\/\/www.logicenters.sultandev.se\/sv\/logicenters-forvarvar-ny-fastighet-utanfor-oslo\/","name":"Logicenters f\u00f6rv\u00e4rvar ny fastighet utanf\u00f6r Oslo &#8211; Logicenters","isPartOf":{"@id":"http:\/\/www.logicenters.sultandev.se\/#website"},"datePublished":"2022-12-14T12:26:58+00:00","dateModified":"2022-12-14T12:26:58+00:00","breadcrumb":{"@id":"https:\/\/www.logicenters.sultandev.se\/sv\/logicenters-forvarvar-ny-fastighet-utanfor-oslo\/#breadcrumb"},"inLanguage":"sv-SE","potentialAction":[{"@type":"ReadAction","target":["https:\/\/www.logicenters.sultandev.se\/sv\/logicenters-forvarvar-ny-fastighet-utanfor-oslo\/"]}]},{"@type":"BreadcrumbList","@id":"https:\/\/www.logicenters.sultandev.se\/sv\/logicenters-forvarvar-ny-fastighet-utanfor-oslo\/#breadcrumb","itemListElement":[{"@type":"ListItem","position":1,"name":"Home","item":"https:\/\/www.logicenters.sultandev.se\/sv\/"},{"@type":"ListItem","position":2,"name":"Logicenters f\u00f6rv\u00e4rvar ny fastighet utanf\u00f6r Oslo"}]},{"@type":"WebSite","@id":"http:\/\/www.logicenters.sultandev.se\/#website","url":"http:\/\/www.logicenters.sultandev.se\/","name":"Logicenters","description":"The leader of modern logistics properties in the nordics","publisher":{"@id":"http:\/\/www.logicenters.sultandev.se\/#organization"},"potentialAction":[{"@type":"SearchAction","target":{"@type":"EntryPoint","urlTemplate":"http:\/\/www.logicenters.sultandev.se\/?s={search_term_string}"},"query-input":{"@type":"PropertyValueSpecification","valueRequired":true,"valueName":"search_term_string"}}],"inLanguage":"sv-SE"},{"@type":"Organization","@id":"http:\/\/www.logicenters.sultandev.se\/#organization","name":"Logicenters","url":"http:\/\/www.logicenters.sultandev.se\/","logo":{"@type":"ImageObject","inLanguage":"sv-SE","@id":"http:\/\/www.logicenters.sultandev.se\/#\/schema\/logo\/image\/","url":"https:\/\/logicenters.sultandev.se\/uploads\/2024\/10\/LOGGA.png","contentUrl":"https:\/\/logicenters.sultandev.se\/uploads\/2024\/10\/LOGGA.png","width":600,"height":74,"caption":"Logicenters"},"image":{"@id":"http:\/\/www.logicenters.sultandev.se\/#\/schema\/logo\/image\/"},"sameAs":["https:\/\/www.linkedin.com\/company\/logicenters\/yoast"]},{"@type":"Person","@id":"http:\/\/www.logicenters.sultandev.se\/#\/schema\/person\/8380cf72678e4fc57ee72471da871852","name":"Ludwig Persson","sameAs":["http:\/\/www.logicenters.com"]}]}},"_links":{"self":[{"href":"https:\/\/www.logicenters.sultandev.se\/sv\/wp-json\/wp\/v2\/posts\/22811","targetHints":{"allow":["GET"]}}],"collection":[{"href":"https:\/\/www.logicenters.sultandev.se\/sv\/wp-json\/wp\/v2\/posts"}],"about":[{"href":"https:\/\/www.logicenters.sultandev.se\/sv\/wp-json\/wp\/v2\/types\/post"}],"author":[{"embeddable":true,"href":"https:\/\/www.logicenters.sultandev.se\/sv\/wp-json\/wp\/v2\/users\/13"}],"replies":[{"embeddable":true,"href":"https:\/\/www.logicenters.sultandev.se\/sv\/wp-json\/wp\/v2\/comments?post=22811"}],"version-history":[{"count":1,"href":"https:\/\/www.logicenters.sultandev.se\/sv\/wp-json\/wp\/v2\/posts\/22811\/revisions"}],"predecessor-version":[{"id":22818,"href":"https:\/\/www.logicenters.sultandev.se\/sv\/wp-json\/wp\/v2\/posts\/22811\/revisions\/22818"}],"wp:attachment":[{"href":"https:\/\/www.logicenters.sultandev.se\/sv\/wp-json\/wp\/v2\/media?parent=22811"}],"wp:term":[{"taxonomy":"category","embeddable":true,"href":"https:\/\/www.logicenters.sultandev.se\/sv\/wp-json\/wp\/v2\/categories?post=22811"},{"taxonomy":"post_tag","embeddable":true,"href":"https:\/\/www.logicenters.sultandev.se\/sv\/wp-json\/wp\/v2\/tags?post=22811"}],"curies":[{"name":"wp","href":"https:\/\/api.w.org\/{rel}","templated":true}]}}