{"id":22553,"date":"2022-11-15T10:36:26","date_gmt":"2022-11-15T10:36:26","guid":{"rendered":"http:\/\/logicenters.sultandev.se\/?p=22553"},"modified":"2022-11-15T10:41:49","modified_gmt":"2022-11-15T10:41:49","slug":"hus-for-hus-svenska-fastighetsbolag-gar-samman-i-gemensamt-initiativ-for-energibesparing","status":"publish","type":"post","link":"https:\/\/www.logicenters.sultandev.se\/sv\/hus-for-hus-svenska-fastighetsbolag-gar-samman-i-gemensamt-initiativ-for-energibesparing\/","title":{"rendered":"Hus f\u00f6r hus \u2013 svenska fastighetsbolag g\u00e5r samman i gemensamt initiativ f\u00f6r energibesparing"},"content":{"rendered":"<p><strong>F\u00f6r att inspirera och uppmuntra fler till att spara energi g\u00e5r ett antal st\u00f6rre akt\u00f6rer i fastighetsbranschen samman i en gemensam kampanj inf\u00f6r vintern.<\/strong><\/p>\n<p>Inom fastighetsbranschen \u00e4r energieffektivisering och driftoptimering inget nytt. Det \u00e4r en fr\u00e5ga som branschen jobbat aktivt med i m\u00e5nga \u00e5r. Mot bakgrund av vinterns energisituation \u00e4r dock insatser f\u00f6r minskad energianv\u00e4ndning s\u00e4rskilt angel\u00e4gna. Det h\u00e4r fick fastighetsbolagen Castellum, Catena, Corem, Mileway, Logicenters och SLP att gemensamt initiera en energisparkampanj under hashtaggen #HusF\u00f6rHus. M\u00e5let med kampanjen \u00e4r att bidra till minskad energianv\u00e4ndning genom att samverka, dela kunskap, och inspirera s\u00e5 m\u00e5nga som m\u00f6jligt till att g\u00f6ra vad de kan f\u00f6r att spara energi.<\/p>\n<p>Genom hashtaggen #HusF\u00f6rHus g\u00e5r kampanjen att f\u00f6lja i sociala medier. De initiativtagande bolagen v\u00e4lkomnar fler fastighetsbolag s\u00e5v\u00e4l som kunder och samarbetspartners att delta i kampanjen.<\/p>\n<p>&nbsp;<\/p>\n","protected":false},"excerpt":{"rendered":"<p>F\u00f6r att inspirera och uppmuntra fler till att spara energi g\u00e5r ett antal st\u00f6rre akt\u00f6rer i&#8230;<\/p>\n","protected":false},"author":13,"featured_media":22554,"comment_status":"closed","ping_status":"closed","sticky":false,"template":"","format":"standard","meta":{"_acf_changed":false,"footnotes":""},"categories":[214,215,81],"tags":[],"class_list":["post-22553","post","type-post","status-publish","format-standard","has-post-thumbnail","hentry","category-nyheter","category-sustainability-sv","category-sverige"],"acf":[],"yoast_head":"<!-- This site is optimized with the Yoast SEO plugin v23.8 - https:\/\/yoast.com\/wordpress\/plugins\/seo\/ -->\n<title>Hus f\u00f6r hus \u2013 svenska fastighetsbolag g\u00e5r samman i gemensamt initiativ f\u00f6r energibesparing &#8211; Logicenters<\/title>\n<meta name=\"robots\" content=\"noindex, follow, max-snippet:-1, max-image-preview:large, max-video-preview:-1\" \/>\n<meta property=\"og:locale\" content=\"sv_SE\" \/>\n<meta property=\"og:type\" content=\"article\" \/>\n<meta property=\"og:title\" content=\"Hus f\u00f6r hus \u2013 svenska fastighetsbolag g\u00e5r samman i gemensamt initiativ f\u00f6r energibesparing &#8211; Logicenters\" \/>\n<meta property=\"og:description\" content=\"F\u00f6r att inspirera och uppmuntra fler till att spara energi g\u00e5r ett antal st\u00f6rre akt\u00f6rer i...\" \/>\n<meta property=\"og:url\" content=\"https:\/\/www.logicenters.sultandev.se\/sv\/hus-for-hus-svenska-fastighetsbolag-gar-samman-i-gemensamt-initiativ-for-energibesparing\/\" \/>\n<meta property=\"og:site_name\" content=\"Logicenters\" \/>\n<meta property=\"article:published_time\" content=\"2022-11-15T10:36:26+00:00\" \/>\n<meta property=\"article:modified_time\" content=\"2022-11-15T10:41:49+00:00\" \/>\n<meta property=\"og:image\" content=\"https:\/\/www.logicenters.sultandev.se\/uploads\/2022\/11\/LOGICENTERS_HusforHus.jpg\" \/>\n\t<meta property=\"og:image:width\" content=\"1600\" \/>\n\t<meta property=\"og:image:height\" content=\"900\" \/>\n\t<meta property=\"og:image:type\" content=\"image\/jpeg\" \/>\n<meta name=\"author\" content=\"Ludwig Persson\" \/>\n<meta name=\"twitter:card\" content=\"summary_large_image\" \/>\n<meta name=\"twitter:label1\" content=\"Written by\" \/>\n\t<meta name=\"twitter:data1\" content=\"Ludwig Persson\" \/>\n\t<meta name=\"twitter:label2\" content=\"Est. reading time\" \/>\n\t<meta name=\"twitter:data2\" content=\"1 minute\" \/>\n<script type=\"application\/ld+json\" class=\"yoast-schema-graph\">{\"@context\":\"https:\/\/schema.org\",\"@graph\":[{\"@type\":\"Article\",\"@id\":\"https:\/\/www.logicenters.sultandev.se\/sv\/hus-for-hus-svenska-fastighetsbolag-gar-samman-i-gemensamt-initiativ-for-energibesparing\/#article\",\"isPartOf\":{\"@id\":\"https:\/\/www.logicenters.sultandev.se\/sv\/hus-for-hus-svenska-fastighetsbolag-gar-samman-i-gemensamt-initiativ-for-energibesparing\/\"},\"author\":{\"name\":\"Ludwig Persson\",\"@id\":\"http:\/\/www.logicenters.sultandev.se\/#\/schema\/person\/8380cf72678e4fc57ee72471da871852\"},\"headline\":\"Hus f\u00f6r hus \u2013 svenska fastighetsbolag g\u00e5r samman i gemensamt initiativ f\u00f6r energibesparing\",\"datePublished\":\"2022-11-15T10:36:26+00:00\",\"dateModified\":\"2022-11-15T10:41:49+00:00\",\"mainEntityOfPage\":{\"@id\":\"https:\/\/www.logicenters.sultandev.se\/sv\/hus-for-hus-svenska-fastighetsbolag-gar-samman-i-gemensamt-initiativ-for-energibesparing\/\"},\"wordCount\":172,\"publisher\":{\"@id\":\"http:\/\/www.logicenters.sultandev.se\/#organization\"},\"image\":{\"@id\":\"https:\/\/www.logicenters.sultandev.se\/sv\/hus-for-hus-svenska-fastighetsbolag-gar-samman-i-gemensamt-initiativ-for-energibesparing\/#primaryimage\"},\"thumbnailUrl\":\"https:\/\/www.logicenters.sultandev.se\/uploads\/2022\/11\/LOGICENTERS_HusforHus.jpg\",\"articleSection\":[\"Nyheter\",\"Sustainability\",\"Sverige\"],\"inLanguage\":\"sv-SE\"},{\"@type\":\"WebPage\",\"@id\":\"https:\/\/www.logicenters.sultandev.se\/sv\/hus-for-hus-svenska-fastighetsbolag-gar-samman-i-gemensamt-initiativ-for-energibesparing\/\",\"url\":\"https:\/\/www.logicenters.sultandev.se\/sv\/hus-for-hus-svenska-fastighetsbolag-gar-samman-i-gemensamt-initiativ-for-energibesparing\/\",\"name\":\"Hus f\u00f6r hus \u2013 svenska fastighetsbolag g\u00e5r samman i gemensamt initiativ f\u00f6r energibesparing &#8211; Logicenters\",\"isPartOf\":{\"@id\":\"http:\/\/www.logicenters.sultandev.se\/#website\"},\"primaryImageOfPage\":{\"@id\":\"https:\/\/www.logicenters.sultandev.se\/sv\/hus-for-hus-svenska-fastighetsbolag-gar-samman-i-gemensamt-initiativ-for-energibesparing\/#primaryimage\"},\"image\":{\"@id\":\"https:\/\/www.logicenters.sultandev.se\/sv\/hus-for-hus-svenska-fastighetsbolag-gar-samman-i-gemensamt-initiativ-for-energibesparing\/#primaryimage\"},\"thumbnailUrl\":\"https:\/\/www.logicenters.sultandev.se\/uploads\/2022\/11\/LOGICENTERS_HusforHus.jpg\",\"datePublished\":\"2022-11-15T10:36:26+00:00\",\"dateModified\":\"2022-11-15T10:41:49+00:00\",\"breadcrumb\":{\"@id\":\"https:\/\/www.logicenters.sultandev.se\/sv\/hus-for-hus-svenska-fastighetsbolag-gar-samman-i-gemensamt-initiativ-for-energibesparing\/#breadcrumb\"},\"inLanguage\":\"sv-SE\",\"potentialAction\":[{\"@type\":\"ReadAction\",\"target\":[\"https:\/\/www.logicenters.sultandev.se\/sv\/hus-for-hus-svenska-fastighetsbolag-gar-samman-i-gemensamt-initiativ-for-energibesparing\/\"]}]},{\"@type\":\"ImageObject\",\"inLanguage\":\"sv-SE\",\"@id\":\"https:\/\/www.logicenters.sultandev.se\/sv\/hus-for-hus-svenska-fastighetsbolag-gar-samman-i-gemensamt-initiativ-for-energibesparing\/#primaryimage\",\"url\":\"https:\/\/www.logicenters.sultandev.se\/uploads\/2022\/11\/LOGICENTERS_HusforHus.jpg\",\"contentUrl\":\"https:\/\/www.logicenters.sultandev.se\/uploads\/2022\/11\/LOGICENTERS_HusforHus.jpg\",\"width\":1600,\"height\":900},{\"@type\":\"BreadcrumbList\",\"@id\":\"https:\/\/www.logicenters.sultandev.se\/sv\/hus-for-hus-svenska-fastighetsbolag-gar-samman-i-gemensamt-initiativ-for-energibesparing\/#breadcrumb\",\"itemListElement\":[{\"@type\":\"ListItem\",\"position\":1,\"name\":\"Home\",\"item\":\"https:\/\/www.logicenters.sultandev.se\/sv\/\"},{\"@type\":\"ListItem\",\"position\":2,\"name\":\"Hus f\u00f6r hus \u2013 svenska fastighetsbolag g\u00e5r samman i gemensamt initiativ f\u00f6r energibesparing\"}]},{\"@type\":\"WebSite\",\"@id\":\"http:\/\/www.logicenters.sultandev.se\/#website\",\"url\":\"http:\/\/www.logicenters.sultandev.se\/\",\"name\":\"Logicenters\",\"description\":\"The leader of modern logistics properties in the nordics\",\"publisher\":{\"@id\":\"http:\/\/www.logicenters.sultandev.se\/#organization\"},\"potentialAction\":[{\"@type\":\"SearchAction\",\"target\":{\"@type\":\"EntryPoint\",\"urlTemplate\":\"http:\/\/www.logicenters.sultandev.se\/?s={search_term_string}\"},\"query-input\":{\"@type\":\"PropertyValueSpecification\",\"valueRequired\":true,\"valueName\":\"search_term_string\"}}],\"inLanguage\":\"sv-SE\"},{\"@type\":\"Organization\",\"@id\":\"http:\/\/www.logicenters.sultandev.se\/#organization\",\"name\":\"Logicenters\",\"url\":\"http:\/\/www.logicenters.sultandev.se\/\",\"logo\":{\"@type\":\"ImageObject\",\"inLanguage\":\"sv-SE\",\"@id\":\"http:\/\/www.logicenters.sultandev.se\/#\/schema\/logo\/image\/\",\"url\":\"https:\/\/logicenters.sultandev.se\/uploads\/2024\/10\/LOGGA.png\",\"contentUrl\":\"https:\/\/logicenters.sultandev.se\/uploads\/2024\/10\/LOGGA.png\",\"width\":600,\"height\":74,\"caption\":\"Logicenters\"},\"image\":{\"@id\":\"http:\/\/www.logicenters.sultandev.se\/#\/schema\/logo\/image\/\"},\"sameAs\":[\"https:\/\/www.linkedin.com\/company\/logicenters\/yoast\"]},{\"@type\":\"Person\",\"@id\":\"http:\/\/www.logicenters.sultandev.se\/#\/schema\/person\/8380cf72678e4fc57ee72471da871852\",\"name\":\"Ludwig Persson\",\"sameAs\":[\"http:\/\/www.logicenters.com\"]}]}<\/script>\n<!-- \/ Yoast SEO plugin. -->","yoast_head_json":{"title":"Hus f\u00f6r hus \u2013 svenska fastighetsbolag g\u00e5r samman i gemensamt initiativ f\u00f6r energibesparing &#8211; Logicenters","robots":{"index":"noindex","follow":"follow","max-snippet":"max-snippet:-1","max-image-preview":"max-image-preview:large","max-video-preview":"max-video-preview:-1"},"og_locale":"sv_SE","og_type":"article","og_title":"Hus f\u00f6r hus \u2013 svenska fastighetsbolag g\u00e5r samman i gemensamt initiativ f\u00f6r energibesparing &#8211; Logicenters","og_description":"F\u00f6r att inspirera och uppmuntra fler till att spara energi g\u00e5r ett antal st\u00f6rre akt\u00f6rer i...","og_url":"https:\/\/www.logicenters.sultandev.se\/sv\/hus-for-hus-svenska-fastighetsbolag-gar-samman-i-gemensamt-initiativ-for-energibesparing\/","og_site_name":"Logicenters","article_published_time":"2022-11-15T10:36:26+00:00","article_modified_time":"2022-11-15T10:41:49+00:00","og_image":[{"width":1600,"height":900,"url":"https:\/\/www.logicenters.sultandev.se\/uploads\/2022\/11\/LOGICENTERS_HusforHus.jpg","type":"image\/jpeg"}],"author":"Ludwig Persson","twitter_card":"summary_large_image","twitter_misc":{"Written by":"Ludwig Persson","Est. reading time":"1 minute"},"schema":{"@context":"https:\/\/schema.org","@graph":[{"@type":"Article","@id":"https:\/\/www.logicenters.sultandev.se\/sv\/hus-for-hus-svenska-fastighetsbolag-gar-samman-i-gemensamt-initiativ-for-energibesparing\/#article","isPartOf":{"@id":"https:\/\/www.logicenters.sultandev.se\/sv\/hus-for-hus-svenska-fastighetsbolag-gar-samman-i-gemensamt-initiativ-for-energibesparing\/"},"author":{"name":"Ludwig Persson","@id":"http:\/\/www.logicenters.sultandev.se\/#\/schema\/person\/8380cf72678e4fc57ee72471da871852"},"headline":"Hus f\u00f6r hus \u2013 svenska fastighetsbolag g\u00e5r samman i gemensamt initiativ f\u00f6r energibesparing","datePublished":"2022-11-15T10:36:26+00:00","dateModified":"2022-11-15T10:41:49+00:00","mainEntityOfPage":{"@id":"https:\/\/www.logicenters.sultandev.se\/sv\/hus-for-hus-svenska-fastighetsbolag-gar-samman-i-gemensamt-initiativ-for-energibesparing\/"},"wordCount":172,"publisher":{"@id":"http:\/\/www.logicenters.sultandev.se\/#organization"},"image":{"@id":"https:\/\/www.logicenters.sultandev.se\/sv\/hus-for-hus-svenska-fastighetsbolag-gar-samman-i-gemensamt-initiativ-for-energibesparing\/#primaryimage"},"thumbnailUrl":"https:\/\/www.logicenters.sultandev.se\/uploads\/2022\/11\/LOGICENTERS_HusforHus.jpg","articleSection":["Nyheter","Sustainability","Sverige"],"inLanguage":"sv-SE"},{"@type":"WebPage","@id":"https:\/\/www.logicenters.sultandev.se\/sv\/hus-for-hus-svenska-fastighetsbolag-gar-samman-i-gemensamt-initiativ-for-energibesparing\/","url":"https:\/\/www.logicenters.sultandev.se\/sv\/hus-for-hus-svenska-fastighetsbolag-gar-samman-i-gemensamt-initiativ-for-energibesparing\/","name":"Hus f\u00f6r hus \u2013 svenska fastighetsbolag g\u00e5r samman i gemensamt initiativ f\u00f6r energibesparing &#8211; Logicenters","isPartOf":{"@id":"http:\/\/www.logicenters.sultandev.se\/#website"},"primaryImageOfPage":{"@id":"https:\/\/www.logicenters.sultandev.se\/sv\/hus-for-hus-svenska-fastighetsbolag-gar-samman-i-gemensamt-initiativ-for-energibesparing\/#primaryimage"},"image":{"@id":"https:\/\/www.logicenters.sultandev.se\/sv\/hus-for-hus-svenska-fastighetsbolag-gar-samman-i-gemensamt-initiativ-for-energibesparing\/#primaryimage"},"thumbnailUrl":"https:\/\/www.logicenters.sultandev.se\/uploads\/2022\/11\/LOGICENTERS_HusforHus.jpg","datePublished":"2022-11-15T10:36:26+00:00","dateModified":"2022-11-15T10:41:49+00:00","breadcrumb":{"@id":"https:\/\/www.logicenters.sultandev.se\/sv\/hus-for-hus-svenska-fastighetsbolag-gar-samman-i-gemensamt-initiativ-for-energibesparing\/#breadcrumb"},"inLanguage":"sv-SE","potentialAction":[{"@type":"ReadAction","target":["https:\/\/www.logicenters.sultandev.se\/sv\/hus-for-hus-svenska-fastighetsbolag-gar-samman-i-gemensamt-initiativ-for-energibesparing\/"]}]},{"@type":"ImageObject","inLanguage":"sv-SE","@id":"https:\/\/www.logicenters.sultandev.se\/sv\/hus-for-hus-svenska-fastighetsbolag-gar-samman-i-gemensamt-initiativ-for-energibesparing\/#primaryimage","url":"https:\/\/www.logicenters.sultandev.se\/uploads\/2022\/11\/LOGICENTERS_HusforHus.jpg","contentUrl":"https:\/\/www.logicenters.sultandev.se\/uploads\/2022\/11\/LOGICENTERS_HusforHus.jpg","width":1600,"height":900},{"@type":"BreadcrumbList","@id":"https:\/\/www.logicenters.sultandev.se\/sv\/hus-for-hus-svenska-fastighetsbolag-gar-samman-i-gemensamt-initiativ-for-energibesparing\/#breadcrumb","itemListElement":[{"@type":"ListItem","position":1,"name":"Home","item":"https:\/\/www.logicenters.sultandev.se\/sv\/"},{"@type":"ListItem","position":2,"name":"Hus f\u00f6r hus \u2013 svenska fastighetsbolag g\u00e5r samman i gemensamt initiativ f\u00f6r energibesparing"}]},{"@type":"WebSite","@id":"http:\/\/www.logicenters.sultandev.se\/#website","url":"http:\/\/www.logicenters.sultandev.se\/","name":"Logicenters","description":"The leader of modern logistics properties in the nordics","publisher":{"@id":"http:\/\/www.logicenters.sultandev.se\/#organization"},"potentialAction":[{"@type":"SearchAction","target":{"@type":"EntryPoint","urlTemplate":"http:\/\/www.logicenters.sultandev.se\/?s={search_term_string}"},"query-input":{"@type":"PropertyValueSpecification","valueRequired":true,"valueName":"search_term_string"}}],"inLanguage":"sv-SE"},{"@type":"Organization","@id":"http:\/\/www.logicenters.sultandev.se\/#organization","name":"Logicenters","url":"http:\/\/www.logicenters.sultandev.se\/","logo":{"@type":"ImageObject","inLanguage":"sv-SE","@id":"http:\/\/www.logicenters.sultandev.se\/#\/schema\/logo\/image\/","url":"https:\/\/logicenters.sultandev.se\/uploads\/2024\/10\/LOGGA.png","contentUrl":"https:\/\/logicenters.sultandev.se\/uploads\/2024\/10\/LOGGA.png","width":600,"height":74,"caption":"Logicenters"},"image":{"@id":"http:\/\/www.logicenters.sultandev.se\/#\/schema\/logo\/image\/"},"sameAs":["https:\/\/www.linkedin.com\/company\/logicenters\/yoast"]},{"@type":"Person","@id":"http:\/\/www.logicenters.sultandev.se\/#\/schema\/person\/8380cf72678e4fc57ee72471da871852","name":"Ludwig Persson","sameAs":["http:\/\/www.logicenters.com"]}]}},"_links":{"self":[{"href":"https:\/\/www.logicenters.sultandev.se\/sv\/wp-json\/wp\/v2\/posts\/22553","targetHints":{"allow":["GET"]}}],"collection":[{"href":"https:\/\/www.logicenters.sultandev.se\/sv\/wp-json\/wp\/v2\/posts"}],"about":[{"href":"https:\/\/www.logicenters.sultandev.se\/sv\/wp-json\/wp\/v2\/types\/post"}],"author":[{"embeddable":true,"href":"https:\/\/www.logicenters.sultandev.se\/sv\/wp-json\/wp\/v2\/users\/13"}],"replies":[{"embeddable":true,"href":"https:\/\/www.logicenters.sultandev.se\/sv\/wp-json\/wp\/v2\/comments?post=22553"}],"version-history":[{"count":2,"href":"https:\/\/www.logicenters.sultandev.se\/sv\/wp-json\/wp\/v2\/posts\/22553\/revisions"}],"predecessor-version":[{"id":22565,"href":"https:\/\/www.logicenters.sultandev.se\/sv\/wp-json\/wp\/v2\/posts\/22553\/revisions\/22565"}],"wp:featuredmedia":[{"embeddable":true,"href":"https:\/\/www.logicenters.sultandev.se\/sv\/wp-json\/wp\/v2\/media\/22554"}],"wp:attachment":[{"href":"https:\/\/www.logicenters.sultandev.se\/sv\/wp-json\/wp\/v2\/media?parent=22553"}],"wp:term":[{"taxonomy":"category","embeddable":true,"href":"https:\/\/www.logicenters.sultandev.se\/sv\/wp-json\/wp\/v2\/categories?post=22553"},{"taxonomy":"post_tag","embeddable":true,"href":"https:\/\/www.logicenters.sultandev.se\/sv\/wp-json\/wp\/v2\/tags?post=22553"}],"curies":[{"name":"wp","href":"https:\/\/api.w.org\/{rel}","templated":true}]}}