{"id":22528,"date":"2022-11-15T08:18:27","date_gmt":"2022-11-15T08:18:27","guid":{"rendered":"http:\/\/logicenters.sultandev.se\/?p=22528"},"modified":"2023-08-26T10:57:37","modified_gmt":"2023-08-26T10:57:37","slug":"logicenters-satsar-pa-ny-logistikbyggnad","status":"publish","type":"post","link":"https:\/\/www.logicenters.sultandev.se\/sv\/logicenters-satsar-pa-ny-logistikbyggnad\/","title":{"rendered":"Logicenters nya logistikbyggnad i B\u00e5lsta"},"content":{"rendered":"<p style=\"font-weight: 400;\"><strong>I Logicenters nya projekt vill logistikfastighetsakto\u0308ren utforska hur byggnader kan uppf\u00f6ras med s\u00e5 l\u00e5ga CO2-emissioner som m\u00f6jligt, bland annat ha\u0308mtas inspiration och material fra\u030an sa\u030ava\u0308l va\u0308xtriket som rymden.<\/strong><\/p>\n<p>&nbsp;<\/p>\n<p style=\"font-weight: 400;\">Fastighetsbranschen a\u0308r i akut behov av ba\u0308ttre sa\u0308tt att utveckla och drifta anla\u0308ggningar fo\u0308r att fa\u030a ner sektorns klimatavtryck. Historiskt har man tittat mycket pa\u030a att fa\u030a ner CO2-avtrycket na\u0308r det ga\u0308ller driften av byggnader. Mindre fokus har legat pa\u030a hur mycket CO2 materialen i byggnaderna kostar att tillverka, transportera och installera. Det vill Logicenters a\u0308ndra pa\u030a i projektet.<\/p>\n<p style=\"font-weight: 400;\">Projektet startar nu iga\u030ang bygget och kommer att vara en del av Ba\u030alsta Logistikpark i norra Stockholm. I skrivande stund pa\u030aga\u030ar en detaljerad planering kring de materialval och byggtekniker som ska anva\u0308ndas i projektet. Exempelvis kommer den traditionellt anva\u0308nda sta\u030alstommen, va\u0308ggar och tak att ersa\u0308ttas med tra\u0308konstruktioner.<\/p>\n<p style=\"font-weight: 400;\">\u201d<em>Vi spa\u0308nner ba\u030agen ho\u0308gt och vill s\u00e4nka CO2-avtrycket s\u00e5 mycket som m\u00f6jligt i det h\u00e4r projektet. Vissa byggmaterial, som till exempel betong, kommer dock vara sva\u030art att fa\u030a helt CO2- neutrala. Da\u0308r vi sta\u030ar idag i projektet minskar vi materialbundet CO2 med hela 60 %. Sa\u030a visst a\u0308r det en bit kvar ha\u0308r innan vi na\u030ar noll. Den sva\u030araste utmaningen just nu a\u0308r att hitta material och installationer med la\u030ag CO2 halt och som a\u0308r godka\u0308nda att anva\u0308nda. Det finns ma\u030anga befintliga och nya akto\u0308rer som jobbar febrilt med detta och innovationstakten a\u0308r ho\u0308g vilket a\u0308r mycket gla\u0308djande. Fo\u0308r att komma ner pa\u030a noll i projektet som helhet ma\u030aste vi da\u0308rfo\u0308r balansera genom att hitta material som binder mer CO2 a\u0308n de sla\u0308pper ut, som till exempel tra\u0308 och hampa. A\u030atervinnig och a\u030aterbruk av byggnaden na\u0308r den va\u0308l a\u0308r uttja\u0308nt om 50-100 a\u030ar beho\u0308ver sen fungera sa\u030a att vi inte sla\u0308pper tillbaka den bundna koldioxiden\u201d<\/em>, sa\u0308ger Eva Sterner, chef fo\u0308r utvecklingsprojekt hos Logicenters.<\/p>\n<p style=\"font-weight: 400;\">Bolaget ser projektet som en viktig mo\u0308jlighet att kunna fortsa\u0308tta utvecklas och addera nyfunnen kunskap. Bland annat har Logicenters bo\u0308rjat blickat mot rymden fo\u0308r att hitta inspiration och tillva\u0308gaga\u030angssa\u0308tt som potentiellt skulle kunna fa\u030a ner klimatavtrycket.<\/p>\n<p style=\"font-weight: 400;\"><em>\u201dVi tittar pa\u030a rymdteknik, da\u0308r man ofta ligger la\u030angt fram vad ga\u0308ller teknikutveckling och var till exempel fo\u0308rst med solceller. Vi samarbetar med en organisation med inga\u030angar till NASA och hoppas hitta saker som kanske kan implementeras ha\u0308r pa\u030a sikt. Det skulle kunna handla om na\u030agot lager i rymddra\u0308kten som a\u0308r va\u0308ldigt isolerande som man a\u0308ven skulle kunna anva\u0308nda i exempelvis takkonstruktioner fo\u0308r att fa\u030a dem la\u0308ttare\u201d<\/em>, fortsa\u0308tter Sterner.<\/p>\n<p style=\"font-weight: 400;\"><em>\u201dI dagsla\u0308get a\u0308r kostnadsbilden pa\u030a dessa produkter ho\u0308gre. Man beho\u0308ver komma upp i produktionsvolymer fo\u0308r att priserna ska kunna ga\u030a ner. Vi a\u0308r beredda att ta det ho\u0308gre priset nu fo\u0308r att hja\u0308lpa till att skapa en sto\u0308rre efterfra\u030agan\u201d<\/em>, avslutar Sterner.<\/p>\n<p style=\"font-weight: 400;\">Den nya logistikanla\u0308ggningen planeras att sta\u030a helt fa\u0308rdig under Q1 2024 med en yta pa\u030a totalt ca 20 000 m2. Fastigheten byggs pa\u030a spekulation da\u0308r Logicenters fo\u0308rhoppning a\u0308r att hitta en la\u0308mplig kund med ho\u0308g miljo\u0308profil.<\/p>\n","protected":false},"excerpt":{"rendered":"<p>I Logicenters nya projekt vill logistikfastighetsakto\u0308ren utforska hur byggnader kan uppf\u00f6ras med s\u00e5 l\u00e5ga CO2-emissioner som&#8230;<\/p>\n","protected":false},"author":13,"featured_media":22529,"comment_status":"closed","ping_status":"closed","sticky":false,"template":"","format":"standard","meta":{"_acf_changed":false,"footnotes":""},"categories":[86,81],"tags":[],"class_list":["post-22528","post","type-post","status-publish","format-standard","has-post-thumbnail","hentry","category-stockholm-sv","category-sverige"],"acf":[],"yoast_head":"<!-- This site is optimized with the Yoast SEO plugin v23.8 - https:\/\/yoast.com\/wordpress\/plugins\/seo\/ -->\n<title>Logicenters nya logistikbyggnad i B\u00e5lsta &#8211; Logicenters<\/title>\n<meta name=\"robots\" content=\"noindex, follow, max-snippet:-1, max-image-preview:large, max-video-preview:-1\" \/>\n<meta property=\"og:locale\" content=\"sv_SE\" \/>\n<meta property=\"og:type\" content=\"article\" \/>\n<meta property=\"og:title\" content=\"Logicenters nya logistikbyggnad i B\u00e5lsta &#8211; Logicenters\" \/>\n<meta property=\"og:description\" content=\"I Logicenters nya projekt vill logistikfastighetsakto\u0308ren utforska hur byggnader kan uppf\u00f6ras med s\u00e5 l\u00e5ga CO2-emissioner som...\" \/>\n<meta property=\"og:url\" content=\"https:\/\/www.logicenters.sultandev.se\/sv\/logicenters-satsar-pa-ny-logistikbyggnad\/\" \/>\n<meta property=\"og:site_name\" content=\"Logicenters\" \/>\n<meta property=\"article:published_time\" content=\"2022-11-15T08:18:27+00:00\" \/>\n<meta property=\"article:modified_time\" content=\"2023-08-26T10:57:37+00:00\" \/>\n<meta property=\"og:image\" content=\"https:\/\/www.logicenters.sultandev.se\/uploads\/2022\/11\/Triple_Zero.jpg\" \/>\n\t<meta property=\"og:image:width\" content=\"1600\" \/>\n\t<meta property=\"og:image:height\" content=\"900\" \/>\n\t<meta property=\"og:image:type\" content=\"image\/jpeg\" \/>\n<meta name=\"author\" content=\"Ludwig Persson\" \/>\n<meta name=\"twitter:card\" content=\"summary_large_image\" \/>\n<meta name=\"twitter:label1\" content=\"Written by\" \/>\n\t<meta name=\"twitter:data1\" content=\"Ludwig Persson\" \/>\n\t<meta name=\"twitter:label2\" content=\"Est. reading time\" \/>\n\t<meta name=\"twitter:data2\" content=\"3 minutes\" \/>\n<script type=\"application\/ld+json\" class=\"yoast-schema-graph\">{\"@context\":\"https:\/\/schema.org\",\"@graph\":[{\"@type\":\"Article\",\"@id\":\"https:\/\/www.logicenters.sultandev.se\/sv\/logicenters-satsar-pa-ny-logistikbyggnad\/#article\",\"isPartOf\":{\"@id\":\"https:\/\/www.logicenters.sultandev.se\/sv\/logicenters-satsar-pa-ny-logistikbyggnad\/\"},\"author\":{\"name\":\"Ludwig Persson\",\"@id\":\"http:\/\/www.logicenters.sultandev.se\/#\/schema\/person\/8380cf72678e4fc57ee72471da871852\"},\"headline\":\"Logicenters nya logistikbyggnad i B\u00e5lsta\",\"datePublished\":\"2022-11-15T08:18:27+00:00\",\"dateModified\":\"2023-08-26T10:57:37+00:00\",\"mainEntityOfPage\":{\"@id\":\"https:\/\/www.logicenters.sultandev.se\/sv\/logicenters-satsar-pa-ny-logistikbyggnad\/\"},\"wordCount\":594,\"publisher\":{\"@id\":\"http:\/\/www.logicenters.sultandev.se\/#organization\"},\"image\":{\"@id\":\"https:\/\/www.logicenters.sultandev.se\/sv\/logicenters-satsar-pa-ny-logistikbyggnad\/#primaryimage\"},\"thumbnailUrl\":\"https:\/\/www.logicenters.sultandev.se\/uploads\/2022\/11\/Triple_Zero.jpg\",\"articleSection\":[\"Stockholm\",\"Sverige\"],\"inLanguage\":\"sv-SE\"},{\"@type\":\"WebPage\",\"@id\":\"https:\/\/www.logicenters.sultandev.se\/sv\/logicenters-satsar-pa-ny-logistikbyggnad\/\",\"url\":\"https:\/\/www.logicenters.sultandev.se\/sv\/logicenters-satsar-pa-ny-logistikbyggnad\/\",\"name\":\"Logicenters nya logistikbyggnad i B\u00e5lsta &#8211; Logicenters\",\"isPartOf\":{\"@id\":\"http:\/\/www.logicenters.sultandev.se\/#website\"},\"primaryImageOfPage\":{\"@id\":\"https:\/\/www.logicenters.sultandev.se\/sv\/logicenters-satsar-pa-ny-logistikbyggnad\/#primaryimage\"},\"image\":{\"@id\":\"https:\/\/www.logicenters.sultandev.se\/sv\/logicenters-satsar-pa-ny-logistikbyggnad\/#primaryimage\"},\"thumbnailUrl\":\"https:\/\/www.logicenters.sultandev.se\/uploads\/2022\/11\/Triple_Zero.jpg\",\"datePublished\":\"2022-11-15T08:18:27+00:00\",\"dateModified\":\"2023-08-26T10:57:37+00:00\",\"breadcrumb\":{\"@id\":\"https:\/\/www.logicenters.sultandev.se\/sv\/logicenters-satsar-pa-ny-logistikbyggnad\/#breadcrumb\"},\"inLanguage\":\"sv-SE\",\"potentialAction\":[{\"@type\":\"ReadAction\",\"target\":[\"https:\/\/www.logicenters.sultandev.se\/sv\/logicenters-satsar-pa-ny-logistikbyggnad\/\"]}]},{\"@type\":\"ImageObject\",\"inLanguage\":\"sv-SE\",\"@id\":\"https:\/\/www.logicenters.sultandev.se\/sv\/logicenters-satsar-pa-ny-logistikbyggnad\/#primaryimage\",\"url\":\"https:\/\/www.logicenters.sultandev.se\/uploads\/2022\/11\/Triple_Zero.jpg\",\"contentUrl\":\"https:\/\/www.logicenters.sultandev.se\/uploads\/2022\/11\/Triple_Zero.jpg\",\"width\":1600,\"height\":900},{\"@type\":\"BreadcrumbList\",\"@id\":\"https:\/\/www.logicenters.sultandev.se\/sv\/logicenters-satsar-pa-ny-logistikbyggnad\/#breadcrumb\",\"itemListElement\":[{\"@type\":\"ListItem\",\"position\":1,\"name\":\"Home\",\"item\":\"https:\/\/www.logicenters.sultandev.se\/sv\/\"},{\"@type\":\"ListItem\",\"position\":2,\"name\":\"Logicenters nya logistikbyggnad i B\u00e5lsta\"}]},{\"@type\":\"WebSite\",\"@id\":\"http:\/\/www.logicenters.sultandev.se\/#website\",\"url\":\"http:\/\/www.logicenters.sultandev.se\/\",\"name\":\"Logicenters\",\"description\":\"The leader of modern logistics properties in the nordics\",\"publisher\":{\"@id\":\"http:\/\/www.logicenters.sultandev.se\/#organization\"},\"potentialAction\":[{\"@type\":\"SearchAction\",\"target\":{\"@type\":\"EntryPoint\",\"urlTemplate\":\"http:\/\/www.logicenters.sultandev.se\/?s={search_term_string}\"},\"query-input\":{\"@type\":\"PropertyValueSpecification\",\"valueRequired\":true,\"valueName\":\"search_term_string\"}}],\"inLanguage\":\"sv-SE\"},{\"@type\":\"Organization\",\"@id\":\"http:\/\/www.logicenters.sultandev.se\/#organization\",\"name\":\"Logicenters\",\"url\":\"http:\/\/www.logicenters.sultandev.se\/\",\"logo\":{\"@type\":\"ImageObject\",\"inLanguage\":\"sv-SE\",\"@id\":\"http:\/\/www.logicenters.sultandev.se\/#\/schema\/logo\/image\/\",\"url\":\"https:\/\/logicenters.sultandev.se\/uploads\/2024\/10\/LOGGA.png\",\"contentUrl\":\"https:\/\/logicenters.sultandev.se\/uploads\/2024\/10\/LOGGA.png\",\"width\":600,\"height\":74,\"caption\":\"Logicenters\"},\"image\":{\"@id\":\"http:\/\/www.logicenters.sultandev.se\/#\/schema\/logo\/image\/\"},\"sameAs\":[\"https:\/\/www.linkedin.com\/company\/logicenters\/yoast\"]},{\"@type\":\"Person\",\"@id\":\"http:\/\/www.logicenters.sultandev.se\/#\/schema\/person\/8380cf72678e4fc57ee72471da871852\",\"name\":\"Ludwig Persson\",\"sameAs\":[\"http:\/\/www.logicenters.com\"]}]}<\/script>\n<!-- \/ Yoast SEO plugin. -->","yoast_head_json":{"title":"Logicenters nya logistikbyggnad i B\u00e5lsta &#8211; Logicenters","robots":{"index":"noindex","follow":"follow","max-snippet":"max-snippet:-1","max-image-preview":"max-image-preview:large","max-video-preview":"max-video-preview:-1"},"og_locale":"sv_SE","og_type":"article","og_title":"Logicenters nya logistikbyggnad i B\u00e5lsta &#8211; Logicenters","og_description":"I Logicenters nya projekt vill logistikfastighetsakto\u0308ren utforska hur byggnader kan uppf\u00f6ras med s\u00e5 l\u00e5ga CO2-emissioner som...","og_url":"https:\/\/www.logicenters.sultandev.se\/sv\/logicenters-satsar-pa-ny-logistikbyggnad\/","og_site_name":"Logicenters","article_published_time":"2022-11-15T08:18:27+00:00","article_modified_time":"2023-08-26T10:57:37+00:00","og_image":[{"width":1600,"height":900,"url":"https:\/\/www.logicenters.sultandev.se\/uploads\/2022\/11\/Triple_Zero.jpg","type":"image\/jpeg"}],"author":"Ludwig Persson","twitter_card":"summary_large_image","twitter_misc":{"Written by":"Ludwig Persson","Est. reading time":"3 minutes"},"schema":{"@context":"https:\/\/schema.org","@graph":[{"@type":"Article","@id":"https:\/\/www.logicenters.sultandev.se\/sv\/logicenters-satsar-pa-ny-logistikbyggnad\/#article","isPartOf":{"@id":"https:\/\/www.logicenters.sultandev.se\/sv\/logicenters-satsar-pa-ny-logistikbyggnad\/"},"author":{"name":"Ludwig Persson","@id":"http:\/\/www.logicenters.sultandev.se\/#\/schema\/person\/8380cf72678e4fc57ee72471da871852"},"headline":"Logicenters nya logistikbyggnad i B\u00e5lsta","datePublished":"2022-11-15T08:18:27+00:00","dateModified":"2023-08-26T10:57:37+00:00","mainEntityOfPage":{"@id":"https:\/\/www.logicenters.sultandev.se\/sv\/logicenters-satsar-pa-ny-logistikbyggnad\/"},"wordCount":594,"publisher":{"@id":"http:\/\/www.logicenters.sultandev.se\/#organization"},"image":{"@id":"https:\/\/www.logicenters.sultandev.se\/sv\/logicenters-satsar-pa-ny-logistikbyggnad\/#primaryimage"},"thumbnailUrl":"https:\/\/www.logicenters.sultandev.se\/uploads\/2022\/11\/Triple_Zero.jpg","articleSection":["Stockholm","Sverige"],"inLanguage":"sv-SE"},{"@type":"WebPage","@id":"https:\/\/www.logicenters.sultandev.se\/sv\/logicenters-satsar-pa-ny-logistikbyggnad\/","url":"https:\/\/www.logicenters.sultandev.se\/sv\/logicenters-satsar-pa-ny-logistikbyggnad\/","name":"Logicenters nya logistikbyggnad i B\u00e5lsta &#8211; Logicenters","isPartOf":{"@id":"http:\/\/www.logicenters.sultandev.se\/#website"},"primaryImageOfPage":{"@id":"https:\/\/www.logicenters.sultandev.se\/sv\/logicenters-satsar-pa-ny-logistikbyggnad\/#primaryimage"},"image":{"@id":"https:\/\/www.logicenters.sultandev.se\/sv\/logicenters-satsar-pa-ny-logistikbyggnad\/#primaryimage"},"thumbnailUrl":"https:\/\/www.logicenters.sultandev.se\/uploads\/2022\/11\/Triple_Zero.jpg","datePublished":"2022-11-15T08:18:27+00:00","dateModified":"2023-08-26T10:57:37+00:00","breadcrumb":{"@id":"https:\/\/www.logicenters.sultandev.se\/sv\/logicenters-satsar-pa-ny-logistikbyggnad\/#breadcrumb"},"inLanguage":"sv-SE","potentialAction":[{"@type":"ReadAction","target":["https:\/\/www.logicenters.sultandev.se\/sv\/logicenters-satsar-pa-ny-logistikbyggnad\/"]}]},{"@type":"ImageObject","inLanguage":"sv-SE","@id":"https:\/\/www.logicenters.sultandev.se\/sv\/logicenters-satsar-pa-ny-logistikbyggnad\/#primaryimage","url":"https:\/\/www.logicenters.sultandev.se\/uploads\/2022\/11\/Triple_Zero.jpg","contentUrl":"https:\/\/www.logicenters.sultandev.se\/uploads\/2022\/11\/Triple_Zero.jpg","width":1600,"height":900},{"@type":"BreadcrumbList","@id":"https:\/\/www.logicenters.sultandev.se\/sv\/logicenters-satsar-pa-ny-logistikbyggnad\/#breadcrumb","itemListElement":[{"@type":"ListItem","position":1,"name":"Home","item":"https:\/\/www.logicenters.sultandev.se\/sv\/"},{"@type":"ListItem","position":2,"name":"Logicenters nya logistikbyggnad i B\u00e5lsta"}]},{"@type":"WebSite","@id":"http:\/\/www.logicenters.sultandev.se\/#website","url":"http:\/\/www.logicenters.sultandev.se\/","name":"Logicenters","description":"The leader of modern logistics properties in the nordics","publisher":{"@id":"http:\/\/www.logicenters.sultandev.se\/#organization"},"potentialAction":[{"@type":"SearchAction","target":{"@type":"EntryPoint","urlTemplate":"http:\/\/www.logicenters.sultandev.se\/?s={search_term_string}"},"query-input":{"@type":"PropertyValueSpecification","valueRequired":true,"valueName":"search_term_string"}}],"inLanguage":"sv-SE"},{"@type":"Organization","@id":"http:\/\/www.logicenters.sultandev.se\/#organization","name":"Logicenters","url":"http:\/\/www.logicenters.sultandev.se\/","logo":{"@type":"ImageObject","inLanguage":"sv-SE","@id":"http:\/\/www.logicenters.sultandev.se\/#\/schema\/logo\/image\/","url":"https:\/\/logicenters.sultandev.se\/uploads\/2024\/10\/LOGGA.png","contentUrl":"https:\/\/logicenters.sultandev.se\/uploads\/2024\/10\/LOGGA.png","width":600,"height":74,"caption":"Logicenters"},"image":{"@id":"http:\/\/www.logicenters.sultandev.se\/#\/schema\/logo\/image\/"},"sameAs":["https:\/\/www.linkedin.com\/company\/logicenters\/yoast"]},{"@type":"Person","@id":"http:\/\/www.logicenters.sultandev.se\/#\/schema\/person\/8380cf72678e4fc57ee72471da871852","name":"Ludwig Persson","sameAs":["http:\/\/www.logicenters.com"]}]}},"_links":{"self":[{"href":"https:\/\/www.logicenters.sultandev.se\/sv\/wp-json\/wp\/v2\/posts\/22528","targetHints":{"allow":["GET"]}}],"collection":[{"href":"https:\/\/www.logicenters.sultandev.se\/sv\/wp-json\/wp\/v2\/posts"}],"about":[{"href":"https:\/\/www.logicenters.sultandev.se\/sv\/wp-json\/wp\/v2\/types\/post"}],"author":[{"embeddable":true,"href":"https:\/\/www.logicenters.sultandev.se\/sv\/wp-json\/wp\/v2\/users\/13"}],"replies":[{"embeddable":true,"href":"https:\/\/www.logicenters.sultandev.se\/sv\/wp-json\/wp\/v2\/comments?post=22528"}],"version-history":[{"count":3,"href":"https:\/\/www.logicenters.sultandev.se\/sv\/wp-json\/wp\/v2\/posts\/22528\/revisions"}],"predecessor-version":[{"id":34640,"href":"https:\/\/www.logicenters.sultandev.se\/sv\/wp-json\/wp\/v2\/posts\/22528\/revisions\/34640"}],"wp:featuredmedia":[{"embeddable":true,"href":"https:\/\/www.logicenters.sultandev.se\/sv\/wp-json\/wp\/v2\/media\/22529"}],"wp:attachment":[{"href":"https:\/\/www.logicenters.sultandev.se\/sv\/wp-json\/wp\/v2\/media?parent=22528"}],"wp:term":[{"taxonomy":"category","embeddable":true,"href":"https:\/\/www.logicenters.sultandev.se\/sv\/wp-json\/wp\/v2\/categories?post=22528"},{"taxonomy":"post_tag","embeddable":true,"href":"https:\/\/www.logicenters.sultandev.se\/sv\/wp-json\/wp\/v2\/tags?post=22528"}],"curies":[{"name":"wp","href":"https:\/\/api.w.org\/{rel}","templated":true}]}}