{"id":22512,"date":"2022-11-09T14:46:35","date_gmt":"2022-11-09T14:46:35","guid":{"rendered":"http:\/\/logicenters.sultandev.se\/?p=22512"},"modified":"2022-11-09T14:46:35","modified_gmt":"2022-11-09T14:46:35","slug":"logicenters-vinnare-av-arets-logistiketablering-2022","status":"publish","type":"post","link":"https:\/\/www.logicenters.sultandev.se\/sv\/logicenters-vinnare-av-arets-logistiketablering-2022\/","title":{"rendered":"Logicenters vinnare av \u201d\u00c5rets Logistiketablering 2022\u201d"},"content":{"rendered":"<p><strong>Logicenters och Dagab fick under onsdagen ta emot en delad f\u00f6rstaplats i utm\u00e4rkelsen \u201d\u00c5rets Logistiketablering 2022\u201d. Priset delades ut av tidningen Intelligent Logistik p\u00e5 Svenska M\u00e4ssan under Logistik &amp; Transport.<\/strong><\/p>\n<p>Utm\u00e4rkelsen f\u00f6r \u201d\u00c5rets Logistiketablering\u201d delas ut till ett nyt\u00e4nkande, innovativt och h\u00e5llbart etableringsprojekt inom logistik. Inf\u00f6r \u00e5rets prisutdelning var Logicenters, tillsammans med Dagab, nominerade som en av fyra finalister f\u00f6r bolagets j\u00e4tteprojekt i B\u00e5lsta, norr om Stockholm. Det blev ett tufft beslut f\u00f6r juryn som hade sv\u00e5rt att skilja p\u00e5 den h\u00e5rda konkurrensen. N\u00e4r priset skulle delas ut meddelades det att Logicenters och Dagab vunnit ett delat f\u00f6rstapris tillsammans med Coops lageretablering i Eskilstuna.<\/p>\n<p>\u201dJag tycker det var ett bra beslut. Vi \u00e4r extremt stolta \u00f6ver priset och det vi har lyckats med i det h\u00e4r projektet. Det \u00e4r riktigt roligt att det uppm\u00e4rksammas\u201d, s\u00e4ger Matthias Kettelhoit, CEO p\u00e5 Logicenters.<\/p>\n<p>Redan f\u00f6r tre \u00e5r sedan p\u00e5b\u00f6rjades bygget av Logicenters anl\u00e4ggning i B\u00e5lsta, p\u00e5 126\u00a0000 m<sup>2<\/sup>, som planeras att vara i drift \u00e5r 2023. Fastigheten blir en av Europas st\u00f6rsta logistikfastigheter d\u00e4r Dagab, Axfoods ink\u00f6ps- och logistikbolag, kommer att vara l\u00e5ngsiktig hyresg\u00e4st. Hela projektet \u00e4r byggt i enlighet med Logicenters ambiti\u00f6sa h\u00e5llbarhetsm\u00e5l, d\u00e4r man bland annat \u00e4r i g\u00e5ng med att bygga Nordens st\u00f6rsta takbaserade solcellsanl\u00e4ggning med en total yta p\u00e5 80,000 m<sup>2<\/sup>.<\/p>\n<p>Juryns motivering:<\/p>\n<p><em>\u201dDagabs etablering i B\u00e5lsta, H\u00e5bo kommun, sticker ut genom sin modiga logistikl\u00f6sning och sin skala. Lagret, som byggs av Logicenters och automatiseras av Witron \u00e4r det f\u00f6rsta omni-automatiserade livsmedelslagret i Sverige, med e-handel och butikslogistik i samma fl\u00f6de. Stort milj\u00f6fokus syns i fastigheten med h\u00f6g milj\u00f6certifiering och Nordens st\u00f6rsta solcellsansl\u00e4ggning. Man bygger ocks\u00e5 en modern arbetsplats med v\u00e4lm\u00e5ende i fokus, i ett utm\u00e4rkt kollektivtrafikl\u00e4ge.\u201d<\/em><\/p>\n<p>I juryn f\u00f6r \u00c5rets Logistiketablering satt Linda Persson, CBRE, David Almqvist, Croisette och Tobias Jonasson, Insitepart, samt Hilda Hult\u00e9n, Klara Eriksson och Gustaf Berencreutz fr\u00e5n Intelligent Logistik.<\/p>\n","protected":false},"excerpt":{"rendered":"<p>Logicenters och Dagab fick under onsdagen ta emot en delad f\u00f6rstaplats i utm\u00e4rkelsen \u201d\u00c5rets Logistiketablering 2022\u201d&#8230;.<\/p>\n","protected":false},"author":13,"featured_media":22510,"comment_status":"closed","ping_status":"closed","sticky":false,"template":"","format":"standard","meta":{"_acf_changed":false,"footnotes":""},"categories":[214,86,81],"tags":[],"class_list":["post-22512","post","type-post","status-publish","format-standard","has-post-thumbnail","hentry","category-nyheter","category-stockholm-sv","category-sverige"],"acf":[],"yoast_head":"<!-- This site is optimized with the Yoast SEO plugin v23.8 - https:\/\/yoast.com\/wordpress\/plugins\/seo\/ -->\n<title>Logicenters vinnare av \u201d\u00c5rets Logistiketablering 2022\u201d &#8211; Logicenters<\/title>\n<meta name=\"robots\" content=\"noindex, follow, max-snippet:-1, max-image-preview:large, max-video-preview:-1\" \/>\n<meta property=\"og:locale\" content=\"sv_SE\" \/>\n<meta property=\"og:type\" content=\"article\" \/>\n<meta property=\"og:title\" content=\"Logicenters vinnare av \u201d\u00c5rets Logistiketablering 2022\u201d &#8211; Logicenters\" \/>\n<meta property=\"og:description\" content=\"Logicenters och Dagab fick under onsdagen ta emot en delad f\u00f6rstaplats i utm\u00e4rkelsen \u201d\u00c5rets Logistiketablering 2022\u201d....\" \/>\n<meta property=\"og:url\" content=\"https:\/\/www.logicenters.sultandev.se\/sv\/logicenters-vinnare-av-arets-logistiketablering-2022\/\" \/>\n<meta property=\"og:site_name\" content=\"Logicenters\" \/>\n<meta property=\"article:published_time\" content=\"2022-11-09T14:46:35+00:00\" \/>\n<meta property=\"og:image\" content=\"https:\/\/www.logicenters.sultandev.se\/uploads\/2022\/11\/Matthias_NY_hemsidan.jpg\" \/>\n\t<meta property=\"og:image:width\" content=\"1920\" \/>\n\t<meta property=\"og:image:height\" content=\"1080\" \/>\n\t<meta property=\"og:image:type\" content=\"image\/jpeg\" \/>\n<meta name=\"author\" content=\"Ludwig Persson\" \/>\n<meta name=\"twitter:card\" content=\"summary_large_image\" \/>\n<meta name=\"twitter:label1\" content=\"Written by\" \/>\n\t<meta name=\"twitter:data1\" content=\"Ludwig Persson\" \/>\n\t<meta name=\"twitter:label2\" content=\"Est. reading time\" \/>\n\t<meta name=\"twitter:data2\" content=\"2 minutes\" \/>\n<script type=\"application\/ld+json\" class=\"yoast-schema-graph\">{\"@context\":\"https:\/\/schema.org\",\"@graph\":[{\"@type\":\"Article\",\"@id\":\"https:\/\/www.logicenters.sultandev.se\/sv\/logicenters-vinnare-av-arets-logistiketablering-2022\/#article\",\"isPartOf\":{\"@id\":\"https:\/\/www.logicenters.sultandev.se\/sv\/logicenters-vinnare-av-arets-logistiketablering-2022\/\"},\"author\":{\"name\":\"Ludwig Persson\",\"@id\":\"http:\/\/www.logicenters.sultandev.se\/#\/schema\/person\/8380cf72678e4fc57ee72471da871852\"},\"headline\":\"Logicenters vinnare av \u201d\u00c5rets Logistiketablering 2022\u201d\",\"datePublished\":\"2022-11-09T14:46:35+00:00\",\"dateModified\":\"2022-11-09T14:46:35+00:00\",\"mainEntityOfPage\":{\"@id\":\"https:\/\/www.logicenters.sultandev.se\/sv\/logicenters-vinnare-av-arets-logistiketablering-2022\/\"},\"wordCount\":359,\"publisher\":{\"@id\":\"http:\/\/www.logicenters.sultandev.se\/#organization\"},\"image\":{\"@id\":\"https:\/\/www.logicenters.sultandev.se\/sv\/logicenters-vinnare-av-arets-logistiketablering-2022\/#primaryimage\"},\"thumbnailUrl\":\"https:\/\/www.logicenters.sultandev.se\/uploads\/2022\/11\/Matthias_NY_hemsidan.jpg\",\"articleSection\":[\"Nyheter\",\"Stockholm\",\"Sverige\"],\"inLanguage\":\"sv-SE\"},{\"@type\":\"WebPage\",\"@id\":\"https:\/\/www.logicenters.sultandev.se\/sv\/logicenters-vinnare-av-arets-logistiketablering-2022\/\",\"url\":\"https:\/\/www.logicenters.sultandev.se\/sv\/logicenters-vinnare-av-arets-logistiketablering-2022\/\",\"name\":\"Logicenters vinnare av \u201d\u00c5rets Logistiketablering 2022\u201d &#8211; Logicenters\",\"isPartOf\":{\"@id\":\"http:\/\/www.logicenters.sultandev.se\/#website\"},\"primaryImageOfPage\":{\"@id\":\"https:\/\/www.logicenters.sultandev.se\/sv\/logicenters-vinnare-av-arets-logistiketablering-2022\/#primaryimage\"},\"image\":{\"@id\":\"https:\/\/www.logicenters.sultandev.se\/sv\/logicenters-vinnare-av-arets-logistiketablering-2022\/#primaryimage\"},\"thumbnailUrl\":\"https:\/\/www.logicenters.sultandev.se\/uploads\/2022\/11\/Matthias_NY_hemsidan.jpg\",\"datePublished\":\"2022-11-09T14:46:35+00:00\",\"dateModified\":\"2022-11-09T14:46:35+00:00\",\"breadcrumb\":{\"@id\":\"https:\/\/www.logicenters.sultandev.se\/sv\/logicenters-vinnare-av-arets-logistiketablering-2022\/#breadcrumb\"},\"inLanguage\":\"sv-SE\",\"potentialAction\":[{\"@type\":\"ReadAction\",\"target\":[\"https:\/\/www.logicenters.sultandev.se\/sv\/logicenters-vinnare-av-arets-logistiketablering-2022\/\"]}]},{\"@type\":\"ImageObject\",\"inLanguage\":\"sv-SE\",\"@id\":\"https:\/\/www.logicenters.sultandev.se\/sv\/logicenters-vinnare-av-arets-logistiketablering-2022\/#primaryimage\",\"url\":\"https:\/\/www.logicenters.sultandev.se\/uploads\/2022\/11\/Matthias_NY_hemsidan.jpg\",\"contentUrl\":\"https:\/\/www.logicenters.sultandev.se\/uploads\/2022\/11\/Matthias_NY_hemsidan.jpg\",\"width\":1920,\"height\":1080},{\"@type\":\"BreadcrumbList\",\"@id\":\"https:\/\/www.logicenters.sultandev.se\/sv\/logicenters-vinnare-av-arets-logistiketablering-2022\/#breadcrumb\",\"itemListElement\":[{\"@type\":\"ListItem\",\"position\":1,\"name\":\"Home\",\"item\":\"https:\/\/www.logicenters.sultandev.se\/sv\/\"},{\"@type\":\"ListItem\",\"position\":2,\"name\":\"Logicenters vinnare av \u201d\u00c5rets Logistiketablering 2022\u201d\"}]},{\"@type\":\"WebSite\",\"@id\":\"http:\/\/www.logicenters.sultandev.se\/#website\",\"url\":\"http:\/\/www.logicenters.sultandev.se\/\",\"name\":\"Logicenters\",\"description\":\"The leader of modern logistics properties in the nordics\",\"publisher\":{\"@id\":\"http:\/\/www.logicenters.sultandev.se\/#organization\"},\"potentialAction\":[{\"@type\":\"SearchAction\",\"target\":{\"@type\":\"EntryPoint\",\"urlTemplate\":\"http:\/\/www.logicenters.sultandev.se\/?s={search_term_string}\"},\"query-input\":{\"@type\":\"PropertyValueSpecification\",\"valueRequired\":true,\"valueName\":\"search_term_string\"}}],\"inLanguage\":\"sv-SE\"},{\"@type\":\"Organization\",\"@id\":\"http:\/\/www.logicenters.sultandev.se\/#organization\",\"name\":\"Logicenters\",\"url\":\"http:\/\/www.logicenters.sultandev.se\/\",\"logo\":{\"@type\":\"ImageObject\",\"inLanguage\":\"sv-SE\",\"@id\":\"http:\/\/www.logicenters.sultandev.se\/#\/schema\/logo\/image\/\",\"url\":\"https:\/\/logicenters.sultandev.se\/uploads\/2024\/10\/LOGGA.png\",\"contentUrl\":\"https:\/\/logicenters.sultandev.se\/uploads\/2024\/10\/LOGGA.png\",\"width\":600,\"height\":74,\"caption\":\"Logicenters\"},\"image\":{\"@id\":\"http:\/\/www.logicenters.sultandev.se\/#\/schema\/logo\/image\/\"},\"sameAs\":[\"https:\/\/www.linkedin.com\/company\/logicenters\/yoast\"]},{\"@type\":\"Person\",\"@id\":\"http:\/\/www.logicenters.sultandev.se\/#\/schema\/person\/8380cf72678e4fc57ee72471da871852\",\"name\":\"Ludwig Persson\",\"sameAs\":[\"http:\/\/www.logicenters.com\"]}]}<\/script>\n<!-- \/ Yoast SEO plugin. -->","yoast_head_json":{"title":"Logicenters vinnare av \u201d\u00c5rets Logistiketablering 2022\u201d &#8211; Logicenters","robots":{"index":"noindex","follow":"follow","max-snippet":"max-snippet:-1","max-image-preview":"max-image-preview:large","max-video-preview":"max-video-preview:-1"},"og_locale":"sv_SE","og_type":"article","og_title":"Logicenters vinnare av \u201d\u00c5rets Logistiketablering 2022\u201d &#8211; Logicenters","og_description":"Logicenters och Dagab fick under onsdagen ta emot en delad f\u00f6rstaplats i utm\u00e4rkelsen \u201d\u00c5rets Logistiketablering 2022\u201d....","og_url":"https:\/\/www.logicenters.sultandev.se\/sv\/logicenters-vinnare-av-arets-logistiketablering-2022\/","og_site_name":"Logicenters","article_published_time":"2022-11-09T14:46:35+00:00","og_image":[{"width":1920,"height":1080,"url":"https:\/\/www.logicenters.sultandev.se\/uploads\/2022\/11\/Matthias_NY_hemsidan.jpg","type":"image\/jpeg"}],"author":"Ludwig Persson","twitter_card":"summary_large_image","twitter_misc":{"Written by":"Ludwig Persson","Est. reading time":"2 minutes"},"schema":{"@context":"https:\/\/schema.org","@graph":[{"@type":"Article","@id":"https:\/\/www.logicenters.sultandev.se\/sv\/logicenters-vinnare-av-arets-logistiketablering-2022\/#article","isPartOf":{"@id":"https:\/\/www.logicenters.sultandev.se\/sv\/logicenters-vinnare-av-arets-logistiketablering-2022\/"},"author":{"name":"Ludwig Persson","@id":"http:\/\/www.logicenters.sultandev.se\/#\/schema\/person\/8380cf72678e4fc57ee72471da871852"},"headline":"Logicenters vinnare av \u201d\u00c5rets Logistiketablering 2022\u201d","datePublished":"2022-11-09T14:46:35+00:00","dateModified":"2022-11-09T14:46:35+00:00","mainEntityOfPage":{"@id":"https:\/\/www.logicenters.sultandev.se\/sv\/logicenters-vinnare-av-arets-logistiketablering-2022\/"},"wordCount":359,"publisher":{"@id":"http:\/\/www.logicenters.sultandev.se\/#organization"},"image":{"@id":"https:\/\/www.logicenters.sultandev.se\/sv\/logicenters-vinnare-av-arets-logistiketablering-2022\/#primaryimage"},"thumbnailUrl":"https:\/\/www.logicenters.sultandev.se\/uploads\/2022\/11\/Matthias_NY_hemsidan.jpg","articleSection":["Nyheter","Stockholm","Sverige"],"inLanguage":"sv-SE"},{"@type":"WebPage","@id":"https:\/\/www.logicenters.sultandev.se\/sv\/logicenters-vinnare-av-arets-logistiketablering-2022\/","url":"https:\/\/www.logicenters.sultandev.se\/sv\/logicenters-vinnare-av-arets-logistiketablering-2022\/","name":"Logicenters vinnare av \u201d\u00c5rets Logistiketablering 2022\u201d &#8211; Logicenters","isPartOf":{"@id":"http:\/\/www.logicenters.sultandev.se\/#website"},"primaryImageOfPage":{"@id":"https:\/\/www.logicenters.sultandev.se\/sv\/logicenters-vinnare-av-arets-logistiketablering-2022\/#primaryimage"},"image":{"@id":"https:\/\/www.logicenters.sultandev.se\/sv\/logicenters-vinnare-av-arets-logistiketablering-2022\/#primaryimage"},"thumbnailUrl":"https:\/\/www.logicenters.sultandev.se\/uploads\/2022\/11\/Matthias_NY_hemsidan.jpg","datePublished":"2022-11-09T14:46:35+00:00","dateModified":"2022-11-09T14:46:35+00:00","breadcrumb":{"@id":"https:\/\/www.logicenters.sultandev.se\/sv\/logicenters-vinnare-av-arets-logistiketablering-2022\/#breadcrumb"},"inLanguage":"sv-SE","potentialAction":[{"@type":"ReadAction","target":["https:\/\/www.logicenters.sultandev.se\/sv\/logicenters-vinnare-av-arets-logistiketablering-2022\/"]}]},{"@type":"ImageObject","inLanguage":"sv-SE","@id":"https:\/\/www.logicenters.sultandev.se\/sv\/logicenters-vinnare-av-arets-logistiketablering-2022\/#primaryimage","url":"https:\/\/www.logicenters.sultandev.se\/uploads\/2022\/11\/Matthias_NY_hemsidan.jpg","contentUrl":"https:\/\/www.logicenters.sultandev.se\/uploads\/2022\/11\/Matthias_NY_hemsidan.jpg","width":1920,"height":1080},{"@type":"BreadcrumbList","@id":"https:\/\/www.logicenters.sultandev.se\/sv\/logicenters-vinnare-av-arets-logistiketablering-2022\/#breadcrumb","itemListElement":[{"@type":"ListItem","position":1,"name":"Home","item":"https:\/\/www.logicenters.sultandev.se\/sv\/"},{"@type":"ListItem","position":2,"name":"Logicenters vinnare av \u201d\u00c5rets Logistiketablering 2022\u201d"}]},{"@type":"WebSite","@id":"http:\/\/www.logicenters.sultandev.se\/#website","url":"http:\/\/www.logicenters.sultandev.se\/","name":"Logicenters","description":"The leader of modern logistics properties in the nordics","publisher":{"@id":"http:\/\/www.logicenters.sultandev.se\/#organization"},"potentialAction":[{"@type":"SearchAction","target":{"@type":"EntryPoint","urlTemplate":"http:\/\/www.logicenters.sultandev.se\/?s={search_term_string}"},"query-input":{"@type":"PropertyValueSpecification","valueRequired":true,"valueName":"search_term_string"}}],"inLanguage":"sv-SE"},{"@type":"Organization","@id":"http:\/\/www.logicenters.sultandev.se\/#organization","name":"Logicenters","url":"http:\/\/www.logicenters.sultandev.se\/","logo":{"@type":"ImageObject","inLanguage":"sv-SE","@id":"http:\/\/www.logicenters.sultandev.se\/#\/schema\/logo\/image\/","url":"https:\/\/logicenters.sultandev.se\/uploads\/2024\/10\/LOGGA.png","contentUrl":"https:\/\/logicenters.sultandev.se\/uploads\/2024\/10\/LOGGA.png","width":600,"height":74,"caption":"Logicenters"},"image":{"@id":"http:\/\/www.logicenters.sultandev.se\/#\/schema\/logo\/image\/"},"sameAs":["https:\/\/www.linkedin.com\/company\/logicenters\/yoast"]},{"@type":"Person","@id":"http:\/\/www.logicenters.sultandev.se\/#\/schema\/person\/8380cf72678e4fc57ee72471da871852","name":"Ludwig Persson","sameAs":["http:\/\/www.logicenters.com"]}]}},"_links":{"self":[{"href":"https:\/\/www.logicenters.sultandev.se\/sv\/wp-json\/wp\/v2\/posts\/22512","targetHints":{"allow":["GET"]}}],"collection":[{"href":"https:\/\/www.logicenters.sultandev.se\/sv\/wp-json\/wp\/v2\/posts"}],"about":[{"href":"https:\/\/www.logicenters.sultandev.se\/sv\/wp-json\/wp\/v2\/types\/post"}],"author":[{"embeddable":true,"href":"https:\/\/www.logicenters.sultandev.se\/sv\/wp-json\/wp\/v2\/users\/13"}],"replies":[{"embeddable":true,"href":"https:\/\/www.logicenters.sultandev.se\/sv\/wp-json\/wp\/v2\/comments?post=22512"}],"version-history":[{"count":1,"href":"https:\/\/www.logicenters.sultandev.se\/sv\/wp-json\/wp\/v2\/posts\/22512\/revisions"}],"predecessor-version":[{"id":22513,"href":"https:\/\/www.logicenters.sultandev.se\/sv\/wp-json\/wp\/v2\/posts\/22512\/revisions\/22513"}],"wp:featuredmedia":[{"embeddable":true,"href":"https:\/\/www.logicenters.sultandev.se\/sv\/wp-json\/wp\/v2\/media\/22510"}],"wp:attachment":[{"href":"https:\/\/www.logicenters.sultandev.se\/sv\/wp-json\/wp\/v2\/media?parent=22512"}],"wp:term":[{"taxonomy":"category","embeddable":true,"href":"https:\/\/www.logicenters.sultandev.se\/sv\/wp-json\/wp\/v2\/categories?post=22512"},{"taxonomy":"post_tag","embeddable":true,"href":"https:\/\/www.logicenters.sultandev.se\/sv\/wp-json\/wp\/v2\/tags?post=22512"}],"curies":[{"name":"wp","href":"https:\/\/api.w.org\/{rel}","templated":true}]}}