{"id":22250,"date":"2022-10-05T07:22:37","date_gmt":"2022-10-05T07:22:37","guid":{"rendered":"http:\/\/www.logicenters.com\/?p=22250"},"modified":"2022-10-05T07:22:37","modified_gmt":"2022-10-05T07:22:37","slug":"vinden-ab-har-flyttat-in-i-brunna-logistikpark","status":"publish","type":"post","link":"https:\/\/www.logicenters.sultandev.se\/sv\/vinden-ab-har-flyttat-in-i-brunna-logistikpark\/","title":{"rendered":"Vinden AB har flyttat in i Brunna Logistikpark"},"content":{"rendered":"<p><strong>Logicenters anl\u00e4ggning i Brunna logistikpark har f\u00e5tt sin f\u00f6rsta hyresg\u00e4st. Det \u00e4r f\u00f6rvaringsf\u00f6retaget Vinden AB som har flyttat in. Det l\u00e5ngsiktiga hyresavtalet avser 10 850 m<sup>2<\/sup> av fastigheten.<\/strong><\/p>\n<p>Redan 2017 f\u00f6rv\u00e4rvade Logicenters mark i Brunna, norr om Stockholm, f\u00f6r att st\u00e4rka sin n\u00e4rvaro i regionen. Sedan dess har logistikanl\u00e4ggningen p\u00e5 marken uppf\u00f6rts p\u00e5 spekulation. I december f\u00f6rra \u00e5ret stod det klart att det snabbv\u00e4xande f\u00f6rvaringsf\u00f6retaget Vinden AB skrivit ett hyresavtal f\u00f6r 10 850 m<sup>2<\/sup> av fastighetens totala 35\u00a0000 m<sup>2<\/sup>.<\/p>\n<p>Fastigheten p\u00e5 M\u00e4tarv\u00e4gen 31 st\u00e5r nu helt klar och Vinden AB har f\u00e5tt nycklarna till sina nya lokaler.<\/p>\n<p>\u201d<em>Vi p\u00e5 Logicenters \u00e4r glada att h\u00e4lsa Vinden v\u00e4lkomna till det h\u00e4r guldkornet med stor utvecklingspotential. Brunna \u00e4r redan i dag ett attraktivt omr\u00e5de med n\u00e4rhet till Stockholm och \u00f6vriga M\u00e4lardalen, vilket \u00e4r en f\u00f6ruts\u00e4ttning f\u00f6r framtidens logistik. Regionen a\u0308r landets ekonomiska motor och Sveriges st\u00f6rsta konsumtionsmarknad, vilket kommer bidra till stark tillv\u00e4xt f\u00f6r Vinden<\/em>\u201d, s\u00e4ger Victoria \u00d6dmark, Commercial Manager p\u00e5 Logicenters.<\/p>\n<p>Den nya hyresg\u00e4sten \u00e4r n\u00f6jd \u00f6ver den nya fastigheten och de st\u00e4rkta f\u00f6ruts\u00e4ttningarna f\u00f6r attraktiv logistik.<\/p>\n<p><em>&#8220;F\u00f6rst och fr\u00e4mst vill jag tacka Logicenters f\u00f6r ett starkt samarbete &#8211; jag \u00e4r v\u00e4ldigt imponerad \u00f6ver deras kompetens &amp; flexibilitet. F\u00f6r oss inneb\u00e4r flytten till Brunna att vi nu kan v\u00e4xla upp v\u00e5r verksamhet genom att vi kan erbjuda \u00e4nnu fler Stockholmare och f\u00f6retag v\u00e5r smarta fullservice f\u00f6rvaringsl\u00f6sning. B\u00e5de val av plats och lokalernas funktion \u00e4r avg\u00f6rande f\u00f6r snabb och smidig service till v\u00e5ra tusentals kunder&#8221;,<\/em> s\u00e4ger Stefan Stoltenberg, COO p\u00e5 Vinden AB.<\/p>\n<p>&nbsp;<\/p>\n","protected":false},"excerpt":{"rendered":"<p>Logicenters anl\u00e4ggning i Brunna logistikpark har f\u00e5tt sin f\u00f6rsta hyresg\u00e4st. Det \u00e4r f\u00f6rvaringsf\u00f6retaget Vinden AB som&#8230;<\/p>\n","protected":false},"author":6,"featured_media":0,"comment_status":"closed","ping_status":"closed","sticky":false,"template":"","format":"standard","meta":{"_acf_changed":false,"footnotes":""},"categories":[214,86,81],"tags":[],"class_list":["post-22250","post","type-post","status-publish","format-standard","hentry","category-nyheter","category-stockholm-sv","category-sverige"],"acf":[],"yoast_head":"<!-- This site is optimized with the Yoast SEO plugin v23.8 - https:\/\/yoast.com\/wordpress\/plugins\/seo\/ -->\n<title>Vinden AB har flyttat in i Brunna Logistikpark &#8211; Logicenters<\/title>\n<meta name=\"robots\" content=\"noindex, follow, max-snippet:-1, max-image-preview:large, max-video-preview:-1\" \/>\n<meta property=\"og:locale\" content=\"sv_SE\" \/>\n<meta property=\"og:type\" content=\"article\" \/>\n<meta property=\"og:title\" content=\"Vinden AB har flyttat in i Brunna Logistikpark &#8211; Logicenters\" \/>\n<meta property=\"og:description\" content=\"Logicenters anl\u00e4ggning i Brunna logistikpark har f\u00e5tt sin f\u00f6rsta hyresg\u00e4st. Det \u00e4r f\u00f6rvaringsf\u00f6retaget Vinden AB som...\" \/>\n<meta property=\"og:url\" content=\"https:\/\/www.logicenters.sultandev.se\/sv\/vinden-ab-har-flyttat-in-i-brunna-logistikpark\/\" \/>\n<meta property=\"og:site_name\" content=\"Logicenters\" \/>\n<meta property=\"article:published_time\" content=\"2022-10-05T07:22:37+00:00\" \/>\n<meta name=\"author\" content=\"Anna Hillinge\" \/>\n<meta name=\"twitter:card\" content=\"summary_large_image\" \/>\n<meta name=\"twitter:label1\" content=\"Written by\" \/>\n\t<meta name=\"twitter:data1\" content=\"Anna Hillinge\" \/>\n\t<meta name=\"twitter:label2\" content=\"Est. reading time\" \/>\n\t<meta name=\"twitter:data2\" content=\"2 minutes\" \/>\n<script type=\"application\/ld+json\" class=\"yoast-schema-graph\">{\"@context\":\"https:\/\/schema.org\",\"@graph\":[{\"@type\":\"Article\",\"@id\":\"https:\/\/www.logicenters.sultandev.se\/sv\/vinden-ab-har-flyttat-in-i-brunna-logistikpark\/#article\",\"isPartOf\":{\"@id\":\"https:\/\/www.logicenters.sultandev.se\/sv\/vinden-ab-har-flyttat-in-i-brunna-logistikpark\/\"},\"author\":{\"name\":\"Anna Hillinge\",\"@id\":\"https:\/\/www.logicenters.sultandev.se\/#\/schema\/person\/59aec831e47c8441d1a6e71b09d14421\"},\"headline\":\"Vinden AB har flyttat in i Brunna Logistikpark\",\"datePublished\":\"2022-10-05T07:22:37+00:00\",\"dateModified\":\"2022-10-05T07:22:37+00:00\",\"mainEntityOfPage\":{\"@id\":\"https:\/\/www.logicenters.sultandev.se\/sv\/vinden-ab-har-flyttat-in-i-brunna-logistikpark\/\"},\"wordCount\":311,\"publisher\":{\"@id\":\"https:\/\/www.logicenters.sultandev.se\/#organization\"},\"articleSection\":[\"Nyheter\",\"Stockholm\",\"Sverige\"],\"inLanguage\":\"sv-SE\"},{\"@type\":\"WebPage\",\"@id\":\"https:\/\/www.logicenters.sultandev.se\/sv\/vinden-ab-har-flyttat-in-i-brunna-logistikpark\/\",\"url\":\"https:\/\/www.logicenters.sultandev.se\/sv\/vinden-ab-har-flyttat-in-i-brunna-logistikpark\/\",\"name\":\"Vinden AB har flyttat in i Brunna Logistikpark &#8211; Logicenters\",\"isPartOf\":{\"@id\":\"https:\/\/www.logicenters.sultandev.se\/#website\"},\"datePublished\":\"2022-10-05T07:22:37+00:00\",\"dateModified\":\"2022-10-05T07:22:37+00:00\",\"breadcrumb\":{\"@id\":\"https:\/\/www.logicenters.sultandev.se\/sv\/vinden-ab-har-flyttat-in-i-brunna-logistikpark\/#breadcrumb\"},\"inLanguage\":\"sv-SE\",\"potentialAction\":[{\"@type\":\"ReadAction\",\"target\":[\"https:\/\/www.logicenters.sultandev.se\/sv\/vinden-ab-har-flyttat-in-i-brunna-logistikpark\/\"]}]},{\"@type\":\"BreadcrumbList\",\"@id\":\"https:\/\/www.logicenters.sultandev.se\/sv\/vinden-ab-har-flyttat-in-i-brunna-logistikpark\/#breadcrumb\",\"itemListElement\":[{\"@type\":\"ListItem\",\"position\":1,\"name\":\"Home\",\"item\":\"https:\/\/logicenters.sultandev.se\/sv\/\"},{\"@type\":\"ListItem\",\"position\":2,\"name\":\"Vinden AB har flyttat in i Brunna Logistikpark\"}]},{\"@type\":\"WebSite\",\"@id\":\"https:\/\/www.logicenters.sultandev.se\/#website\",\"url\":\"https:\/\/www.logicenters.sultandev.se\/\",\"name\":\"Logicenters\",\"description\":\"The leader of modern logistics properties in the nordics\",\"publisher\":{\"@id\":\"https:\/\/www.logicenters.sultandev.se\/#organization\"},\"potentialAction\":[{\"@type\":\"SearchAction\",\"target\":{\"@type\":\"EntryPoint\",\"urlTemplate\":\"https:\/\/www.logicenters.sultandev.se\/?s={search_term_string}\"},\"query-input\":{\"@type\":\"PropertyValueSpecification\",\"valueRequired\":true,\"valueName\":\"search_term_string\"}}],\"inLanguage\":\"sv-SE\"},{\"@type\":\"Organization\",\"@id\":\"https:\/\/www.logicenters.sultandev.se\/#organization\",\"name\":\"Logicenters\",\"url\":\"https:\/\/www.logicenters.sultandev.se\/\",\"logo\":{\"@type\":\"ImageObject\",\"inLanguage\":\"sv-SE\",\"@id\":\"https:\/\/www.logicenters.sultandev.se\/#\/schema\/logo\/image\/\",\"url\":\"https:\/\/logicenters.sultandev.se\/uploads\/2024\/10\/LOGGA.png\",\"contentUrl\":\"https:\/\/logicenters.sultandev.se\/uploads\/2024\/10\/LOGGA.png\",\"width\":600,\"height\":74,\"caption\":\"Logicenters\"},\"image\":{\"@id\":\"https:\/\/www.logicenters.sultandev.se\/#\/schema\/logo\/image\/\"},\"sameAs\":[\"https:\/\/www.linkedin.com\/company\/logicenters\/yoast\"]},{\"@type\":\"Person\",\"@id\":\"https:\/\/www.logicenters.sultandev.se\/#\/schema\/person\/59aec831e47c8441d1a6e71b09d14421\",\"name\":\"Anna Hillinge\"}]}<\/script>\n<!-- \/ Yoast SEO plugin. -->","yoast_head_json":{"title":"Vinden AB har flyttat in i Brunna Logistikpark &#8211; Logicenters","robots":{"index":"noindex","follow":"follow","max-snippet":"max-snippet:-1","max-image-preview":"max-image-preview:large","max-video-preview":"max-video-preview:-1"},"og_locale":"sv_SE","og_type":"article","og_title":"Vinden AB har flyttat in i Brunna Logistikpark &#8211; Logicenters","og_description":"Logicenters anl\u00e4ggning i Brunna logistikpark har f\u00e5tt sin f\u00f6rsta hyresg\u00e4st. Det \u00e4r f\u00f6rvaringsf\u00f6retaget Vinden AB som...","og_url":"https:\/\/www.logicenters.sultandev.se\/sv\/vinden-ab-har-flyttat-in-i-brunna-logistikpark\/","og_site_name":"Logicenters","article_published_time":"2022-10-05T07:22:37+00:00","author":"Anna Hillinge","twitter_card":"summary_large_image","twitter_misc":{"Written by":"Anna Hillinge","Est. reading time":"2 minutes"},"schema":{"@context":"https:\/\/schema.org","@graph":[{"@type":"Article","@id":"https:\/\/www.logicenters.sultandev.se\/sv\/vinden-ab-har-flyttat-in-i-brunna-logistikpark\/#article","isPartOf":{"@id":"https:\/\/www.logicenters.sultandev.se\/sv\/vinden-ab-har-flyttat-in-i-brunna-logistikpark\/"},"author":{"name":"Anna Hillinge","@id":"https:\/\/www.logicenters.sultandev.se\/#\/schema\/person\/59aec831e47c8441d1a6e71b09d14421"},"headline":"Vinden AB har flyttat in i Brunna Logistikpark","datePublished":"2022-10-05T07:22:37+00:00","dateModified":"2022-10-05T07:22:37+00:00","mainEntityOfPage":{"@id":"https:\/\/www.logicenters.sultandev.se\/sv\/vinden-ab-har-flyttat-in-i-brunna-logistikpark\/"},"wordCount":311,"publisher":{"@id":"https:\/\/www.logicenters.sultandev.se\/#organization"},"articleSection":["Nyheter","Stockholm","Sverige"],"inLanguage":"sv-SE"},{"@type":"WebPage","@id":"https:\/\/www.logicenters.sultandev.se\/sv\/vinden-ab-har-flyttat-in-i-brunna-logistikpark\/","url":"https:\/\/www.logicenters.sultandev.se\/sv\/vinden-ab-har-flyttat-in-i-brunna-logistikpark\/","name":"Vinden AB har flyttat in i Brunna Logistikpark &#8211; Logicenters","isPartOf":{"@id":"https:\/\/www.logicenters.sultandev.se\/#website"},"datePublished":"2022-10-05T07:22:37+00:00","dateModified":"2022-10-05T07:22:37+00:00","breadcrumb":{"@id":"https:\/\/www.logicenters.sultandev.se\/sv\/vinden-ab-har-flyttat-in-i-brunna-logistikpark\/#breadcrumb"},"inLanguage":"sv-SE","potentialAction":[{"@type":"ReadAction","target":["https:\/\/www.logicenters.sultandev.se\/sv\/vinden-ab-har-flyttat-in-i-brunna-logistikpark\/"]}]},{"@type":"BreadcrumbList","@id":"https:\/\/www.logicenters.sultandev.se\/sv\/vinden-ab-har-flyttat-in-i-brunna-logistikpark\/#breadcrumb","itemListElement":[{"@type":"ListItem","position":1,"name":"Home","item":"https:\/\/logicenters.sultandev.se\/sv\/"},{"@type":"ListItem","position":2,"name":"Vinden AB har flyttat in i Brunna Logistikpark"}]},{"@type":"WebSite","@id":"https:\/\/www.logicenters.sultandev.se\/#website","url":"https:\/\/www.logicenters.sultandev.se\/","name":"Logicenters","description":"The leader of modern logistics properties in the nordics","publisher":{"@id":"https:\/\/www.logicenters.sultandev.se\/#organization"},"potentialAction":[{"@type":"SearchAction","target":{"@type":"EntryPoint","urlTemplate":"https:\/\/www.logicenters.sultandev.se\/?s={search_term_string}"},"query-input":{"@type":"PropertyValueSpecification","valueRequired":true,"valueName":"search_term_string"}}],"inLanguage":"sv-SE"},{"@type":"Organization","@id":"https:\/\/www.logicenters.sultandev.se\/#organization","name":"Logicenters","url":"https:\/\/www.logicenters.sultandev.se\/","logo":{"@type":"ImageObject","inLanguage":"sv-SE","@id":"https:\/\/www.logicenters.sultandev.se\/#\/schema\/logo\/image\/","url":"https:\/\/logicenters.sultandev.se\/uploads\/2024\/10\/LOGGA.png","contentUrl":"https:\/\/logicenters.sultandev.se\/uploads\/2024\/10\/LOGGA.png","width":600,"height":74,"caption":"Logicenters"},"image":{"@id":"https:\/\/www.logicenters.sultandev.se\/#\/schema\/logo\/image\/"},"sameAs":["https:\/\/www.linkedin.com\/company\/logicenters\/yoast"]},{"@type":"Person","@id":"https:\/\/www.logicenters.sultandev.se\/#\/schema\/person\/59aec831e47c8441d1a6e71b09d14421","name":"Anna Hillinge"}]}},"_links":{"self":[{"href":"https:\/\/www.logicenters.sultandev.se\/sv\/wp-json\/wp\/v2\/posts\/22250","targetHints":{"allow":["GET"]}}],"collection":[{"href":"https:\/\/www.logicenters.sultandev.se\/sv\/wp-json\/wp\/v2\/posts"}],"about":[{"href":"https:\/\/www.logicenters.sultandev.se\/sv\/wp-json\/wp\/v2\/types\/post"}],"author":[{"embeddable":true,"href":"https:\/\/www.logicenters.sultandev.se\/sv\/wp-json\/wp\/v2\/users\/6"}],"replies":[{"embeddable":true,"href":"https:\/\/www.logicenters.sultandev.se\/sv\/wp-json\/wp\/v2\/comments?post=22250"}],"version-history":[{"count":1,"href":"https:\/\/www.logicenters.sultandev.se\/sv\/wp-json\/wp\/v2\/posts\/22250\/revisions"}],"predecessor-version":[{"id":22251,"href":"https:\/\/www.logicenters.sultandev.se\/sv\/wp-json\/wp\/v2\/posts\/22250\/revisions\/22251"}],"wp:attachment":[{"href":"https:\/\/www.logicenters.sultandev.se\/sv\/wp-json\/wp\/v2\/media?parent=22250"}],"wp:term":[{"taxonomy":"category","embeddable":true,"href":"https:\/\/www.logicenters.sultandev.se\/sv\/wp-json\/wp\/v2\/categories?post=22250"},{"taxonomy":"post_tag","embeddable":true,"href":"https:\/\/www.logicenters.sultandev.se\/sv\/wp-json\/wp\/v2\/tags?post=22250"}],"curies":[{"name":"wp","href":"https:\/\/api.w.org\/{rel}","templated":true}]}}