{"id":21989,"date":"2022-07-08T07:37:16","date_gmt":"2022-07-08T07:37:16","guid":{"rendered":"http:\/\/www.logicenters.com\/?p=21989"},"modified":"2022-07-08T07:41:26","modified_gmt":"2022-07-08T07:41:26","slug":"jon-malmsten-de-som-investerar-idag-gor-en-bra-affar","status":"publish","type":"post","link":"https:\/\/www.logicenters.sultandev.se\/sv\/jon-malmsten-de-som-investerar-idag-gor-en-bra-affar\/","title":{"rendered":"Jon Malmsten: \u201dDe som investerar i solceller g\u00f6r en bra aff\u00e4r\u201d"},"content":{"rendered":"<p><strong>N\u00e4r elpriserna \u00e4n en g\u00e5ng skenar i Sverige b\u00f6rjar allt fler se en framtid med solenergi. Efterfr\u00e5gan \u00f6kar hos b\u00e5de privatpersoner och f\u00f6retag samtidigt som EU kommer med f\u00f6rslag p\u00e5 stora satsningar p\u00e5 f\u00f6rnybart. Logicenters Jon Malmsten, solenergiexpert, \u00e4r positiv till utvecklingen och ser hur n\u00f6jda dagens kunder \u00e4r som installerat solceller.<\/strong><\/p>\n<p><strong>Nu \u00e4r det sommar, den period d\u00e4r vi i Sverige har som mest sol. Vad betyder det konkret f\u00f6r era anl\u00e4ggningar?<br \/>\n<\/strong>\u2013 Ja, det \u00e4r en j\u00e4ttefin ekonomi i v\u00e5ra anl\u00e4ggningar just nu f\u00f6r alla som investerat i solceller. Framf\u00f6r allt \u00e4r det ett gynnsamt l\u00e4ge f\u00f6r de som skaffade solpaneler f\u00f6r ett eller tv\u00e5 \u00e5r sedan, n\u00e4r materialkostnaden var allra billigast. De har f\u00f6r stunden l\u00e5ga energir\u00e4kningar och \u00e4r verkliga vinnare, men \u00e4ven de som investerar idag g\u00f6r en bra aff\u00e4r.<\/p>\n<p>Generellt brukar man s\u00e4ga att solceller b\u00f6rjar producera el redan i mars och sedan till b\u00f6rjan av oktober. Maj och juni \u00e4r de b\u00e4sta m\u00e5naderna, s\u00e5 det har varit v\u00e4ldigt fin produktion d\u00e5 det ocks\u00e5 varit mindre regn. Det kanske har varit bekymmersamt f\u00f6r b\u00f6nderna, men tittar man p\u00e5 elproduktion har det gett v\u00e4ldigt fin effekt.<\/p>\n<p><strong>G\u00e5r det att s\u00e4ga n\u00e5gonting om hur mycket el som anl\u00e4ggningarna producerar j\u00e4mf\u00f6rt med hur mycket som f\u00f6rbrukas i byggnaderna?<br \/>\n<\/strong>\u2013 Vi anpassar alltid solcellsanl\u00e4ggningarna efter f\u00f6rbrukningen. Under soliga dagar \u00e4r det flera kunder som producerar mer el \u00e4n vad det g\u00f6r av med. D\u00e5 bidrar de i st\u00e4llet med elproduktion till resten av elsystemet, vilket i sin tur hj\u00e4lper Sverige att fylla vattenmagasin till h\u00f6sten n\u00e4r solen skiner mindre.<\/p>\n<p><strong>Hur upplever du efterfr\u00e5gan p\u00e5 solceller bland Logicenters kunder?<br \/>\n<\/strong>\u2013 Det \u00e4r ett stort intresse, speciellt fr\u00e5n de som har en stor f\u00f6rbrukning. Sedan har vi en utmaning i Sverige med solskatten som b\u00f6rjar g\u00e4lla f\u00f6r anl\u00e4ggningar som \u00e4r st\u00f6rre \u00e4n 500 kW. Det g\u00f6r tyv\u00e4rr att vi tappar en del anl\u00e4ggningar och ofta bygger betydligt mindre \u00e4n vad vi kan.<\/p>\n<p><strong>F\u00f6r att minska beroendet av fossilt br\u00e4nsle arbetar EU-kommissionen just nu med en storsatsning p\u00e5 solenergi i hela Europa. Hur ser du p\u00e5 den utvecklingen?<br \/>\n<\/strong>\u2013 Det \u00e4r ett naturligt steg i utvecklingen n\u00e4r solceller blir allt billigare samtidigt som elpriserna skenar i v\u00e4g. Blickar vi l\u00e5ngsiktigt kommer vi dessutom f\u00e5 se fler och fler byggnadsdetaljer med integrerade solceller som ers\u00e4tter vissa material. Med EU-kommissionens nya f\u00f6rslag vill man g\u00f6ra solpaneler obligatoriskt p\u00e5 nya byggnader, n\u00e5got som redan g\u00e4ller i flera l\u00e4nder idag. Personligen ser jag det som r\u00e4tt naturligt att \u00e4ven nyttja en fastighet till elproduktion och inte inte bara som lokaler och bost\u00e4der..<\/p>\n<p><strong>Vad skulle du s\u00e4ga \u00e4r de st\u00f6rsta f\u00f6rdelarna med takbaserade solceller?<br \/>\n<\/strong>\u00d6vrig elproduktion konkurrerar ofta med andra intressen i allt fr\u00e5n hur marken b\u00e4st ska anv\u00e4ndas till att den kan upplevas st\u00f6rande eller g\u00f6ra intr\u00e5ng p\u00e5 landskapsbilden. Solceller p\u00e5 ett tak st\u00f6r s\u00e4llan och b\u00e5de fundamentet (taket) och elanslutningen finns redan p\u00e5 plats. En annan f\u00f6rdel \u00e4r att elen produceras d\u00e4r den beh\u00f6vs, det minskar transportf\u00f6rlusterna i eln\u00e4tet.<\/p>\n<p><strong>Vad ser du f\u00f6r utmaningar med solcellsanl\u00e4ggningar?<br \/>\n<\/strong>\u2013 I dagsl\u00e4get \u00e4r det att vi har en prisuppg\u00e5ng p\u00e5 materialet med cirka 40 procent. F\u00f6rvisso g\u00e5r elpriserna upp samtidigt, men f\u00f6r en solcellsanl\u00e4ggning betalar du n\u00e4stan f\u00f6r all elproduktion vid investeringstillf\u00e4llet. Detta ska sedan \u00e5terbetala sig under 10-15 \u00e5r och vi vet inte vad elpriset \u00e4r d\u00e5. \u00c4ven om vi har h\u00f6ga elpriser i stunden kan det vara s\u00e5 att m\u00e5nga avvaktar av taktiska sk\u00e4l och v\u00e4ntar p\u00e5 att priserna p\u00e5 solcellspaneler ska sjunka. Samtidigt \u00e4r priserna fortsatt relativt billiga och det finns en kraftig l\u00f6nsamhet i det, s\u00e5 jag tror att det flesta snarare ser om sitt hus genom solceller f\u00f6r att s\u00e4kra elpriserna.<\/p>\n","protected":false},"excerpt":{"rendered":"<p>N\u00e4r elpriserna \u00e4n en g\u00e5ng skenar i Sverige b\u00f6rjar allt fler se en framtid med solenergi&#8230;.<\/p>\n","protected":false},"author":6,"featured_media":0,"comment_status":"closed","ping_status":"closed","sticky":false,"template":"","format":"standard","meta":{"_acf_changed":false,"footnotes":""},"categories":[228,215,81,89],"tags":[],"class_list":["post-21989","post","type-post","status-publish","format-standard","hentry","category-nordic-sv","category-sustainability-sv","category-sverige","category-utvecklingsmojlighet"],"acf":[],"yoast_head":"<!-- This site is optimized with the Yoast SEO plugin v23.8 - https:\/\/yoast.com\/wordpress\/plugins\/seo\/ -->\n<title>Jon Malmsten: \u201dDe som investerar i solceller g\u00f6r en bra aff\u00e4r\u201d &#8211; Logicenters<\/title>\n<meta name=\"robots\" content=\"noindex, follow, max-snippet:-1, max-image-preview:large, max-video-preview:-1\" \/>\n<meta property=\"og:locale\" content=\"sv_SE\" \/>\n<meta property=\"og:type\" content=\"article\" \/>\n<meta property=\"og:title\" content=\"Jon Malmsten: \u201dDe som investerar i solceller g\u00f6r en bra aff\u00e4r\u201d &#8211; Logicenters\" \/>\n<meta property=\"og:description\" content=\"N\u00e4r elpriserna \u00e4n en g\u00e5ng skenar i Sverige b\u00f6rjar allt fler se en framtid med solenergi....\" \/>\n<meta property=\"og:url\" content=\"https:\/\/www.logicenters.sultandev.se\/sv\/jon-malmsten-de-som-investerar-idag-gor-en-bra-affar\/\" \/>\n<meta property=\"og:site_name\" content=\"Logicenters\" \/>\n<meta property=\"article:published_time\" content=\"2022-07-08T07:37:16+00:00\" \/>\n<meta property=\"article:modified_time\" content=\"2022-07-08T07:41:26+00:00\" \/>\n<meta name=\"author\" content=\"Anna Hillinge\" \/>\n<meta name=\"twitter:card\" content=\"summary_large_image\" \/>\n<meta name=\"twitter:label1\" content=\"Written by\" \/>\n\t<meta name=\"twitter:data1\" content=\"Anna Hillinge\" \/>\n\t<meta name=\"twitter:label2\" content=\"Est. reading time\" \/>\n\t<meta name=\"twitter:data2\" content=\"4 minutes\" \/>\n<script type=\"application\/ld+json\" class=\"yoast-schema-graph\">{\"@context\":\"https:\/\/schema.org\",\"@graph\":[{\"@type\":\"Article\",\"@id\":\"https:\/\/www.logicenters.sultandev.se\/sv\/jon-malmsten-de-som-investerar-idag-gor-en-bra-affar\/#article\",\"isPartOf\":{\"@id\":\"https:\/\/www.logicenters.sultandev.se\/sv\/jon-malmsten-de-som-investerar-idag-gor-en-bra-affar\/\"},\"author\":{\"name\":\"Anna Hillinge\",\"@id\":\"https:\/\/logicenters.sultandev.se\/#\/schema\/person\/59aec831e47c8441d1a6e71b09d14421\"},\"headline\":\"Jon Malmsten: \u201dDe som investerar i solceller g\u00f6r en bra aff\u00e4r\u201d\",\"datePublished\":\"2022-07-08T07:37:16+00:00\",\"dateModified\":\"2022-07-08T07:41:26+00:00\",\"mainEntityOfPage\":{\"@id\":\"https:\/\/www.logicenters.sultandev.se\/sv\/jon-malmsten-de-som-investerar-idag-gor-en-bra-affar\/\"},\"wordCount\":722,\"publisher\":{\"@id\":\"https:\/\/logicenters.sultandev.se\/#organization\"},\"articleSection\":[\"Nordic\",\"Sustainability\",\"Sverige\",\"Utvecklingsm\u00f6jlighet\"],\"inLanguage\":\"sv-SE\"},{\"@type\":\"WebPage\",\"@id\":\"https:\/\/www.logicenters.sultandev.se\/sv\/jon-malmsten-de-som-investerar-idag-gor-en-bra-affar\/\",\"url\":\"https:\/\/www.logicenters.sultandev.se\/sv\/jon-malmsten-de-som-investerar-idag-gor-en-bra-affar\/\",\"name\":\"Jon Malmsten: \u201dDe som investerar i solceller g\u00f6r en bra aff\u00e4r\u201d &#8211; Logicenters\",\"isPartOf\":{\"@id\":\"https:\/\/logicenters.sultandev.se\/#website\"},\"datePublished\":\"2022-07-08T07:37:16+00:00\",\"dateModified\":\"2022-07-08T07:41:26+00:00\",\"breadcrumb\":{\"@id\":\"https:\/\/www.logicenters.sultandev.se\/sv\/jon-malmsten-de-som-investerar-idag-gor-en-bra-affar\/#breadcrumb\"},\"inLanguage\":\"sv-SE\",\"potentialAction\":[{\"@type\":\"ReadAction\",\"target\":[\"https:\/\/www.logicenters.sultandev.se\/sv\/jon-malmsten-de-som-investerar-idag-gor-en-bra-affar\/\"]}]},{\"@type\":\"BreadcrumbList\",\"@id\":\"https:\/\/www.logicenters.sultandev.se\/sv\/jon-malmsten-de-som-investerar-idag-gor-en-bra-affar\/#breadcrumb\",\"itemListElement\":[{\"@type\":\"ListItem\",\"position\":1,\"name\":\"Home\",\"item\":\"https:\/\/www.logicenters.sultandev.se\/sv\/\"},{\"@type\":\"ListItem\",\"position\":2,\"name\":\"Jon Malmsten: \u201dDe som investerar i solceller g\u00f6r en bra aff\u00e4r\u201d\"}]},{\"@type\":\"WebSite\",\"@id\":\"https:\/\/logicenters.sultandev.se\/#website\",\"url\":\"https:\/\/logicenters.sultandev.se\/\",\"name\":\"Logicenters\",\"description\":\"The leader of modern logistics properties in the nordics\",\"publisher\":{\"@id\":\"https:\/\/logicenters.sultandev.se\/#organization\"},\"potentialAction\":[{\"@type\":\"SearchAction\",\"target\":{\"@type\":\"EntryPoint\",\"urlTemplate\":\"https:\/\/logicenters.sultandev.se\/?s={search_term_string}\"},\"query-input\":{\"@type\":\"PropertyValueSpecification\",\"valueRequired\":true,\"valueName\":\"search_term_string\"}}],\"inLanguage\":\"sv-SE\"},{\"@type\":\"Organization\",\"@id\":\"https:\/\/logicenters.sultandev.se\/#organization\",\"name\":\"Logicenters\",\"url\":\"https:\/\/logicenters.sultandev.se\/\",\"logo\":{\"@type\":\"ImageObject\",\"inLanguage\":\"sv-SE\",\"@id\":\"https:\/\/logicenters.sultandev.se\/#\/schema\/logo\/image\/\",\"url\":\"https:\/\/logicenters.sultandev.se\/uploads\/2024\/10\/LOGGA.png\",\"contentUrl\":\"https:\/\/logicenters.sultandev.se\/uploads\/2024\/10\/LOGGA.png\",\"width\":600,\"height\":74,\"caption\":\"Logicenters\"},\"image\":{\"@id\":\"https:\/\/logicenters.sultandev.se\/#\/schema\/logo\/image\/\"},\"sameAs\":[\"https:\/\/www.linkedin.com\/company\/logicenters\/yoast\"]},{\"@type\":\"Person\",\"@id\":\"https:\/\/logicenters.sultandev.se\/#\/schema\/person\/59aec831e47c8441d1a6e71b09d14421\",\"name\":\"Anna Hillinge\"}]}<\/script>\n<!-- \/ Yoast SEO plugin. -->","yoast_head_json":{"title":"Jon Malmsten: \u201dDe som investerar i solceller g\u00f6r en bra aff\u00e4r\u201d &#8211; Logicenters","robots":{"index":"noindex","follow":"follow","max-snippet":"max-snippet:-1","max-image-preview":"max-image-preview:large","max-video-preview":"max-video-preview:-1"},"og_locale":"sv_SE","og_type":"article","og_title":"Jon Malmsten: \u201dDe som investerar i solceller g\u00f6r en bra aff\u00e4r\u201d &#8211; Logicenters","og_description":"N\u00e4r elpriserna \u00e4n en g\u00e5ng skenar i Sverige b\u00f6rjar allt fler se en framtid med solenergi....","og_url":"https:\/\/www.logicenters.sultandev.se\/sv\/jon-malmsten-de-som-investerar-idag-gor-en-bra-affar\/","og_site_name":"Logicenters","article_published_time":"2022-07-08T07:37:16+00:00","article_modified_time":"2022-07-08T07:41:26+00:00","author":"Anna Hillinge","twitter_card":"summary_large_image","twitter_misc":{"Written by":"Anna Hillinge","Est. reading time":"4 minutes"},"schema":{"@context":"https:\/\/schema.org","@graph":[{"@type":"Article","@id":"https:\/\/www.logicenters.sultandev.se\/sv\/jon-malmsten-de-som-investerar-idag-gor-en-bra-affar\/#article","isPartOf":{"@id":"https:\/\/www.logicenters.sultandev.se\/sv\/jon-malmsten-de-som-investerar-idag-gor-en-bra-affar\/"},"author":{"name":"Anna Hillinge","@id":"https:\/\/logicenters.sultandev.se\/#\/schema\/person\/59aec831e47c8441d1a6e71b09d14421"},"headline":"Jon Malmsten: \u201dDe som investerar i solceller g\u00f6r en bra aff\u00e4r\u201d","datePublished":"2022-07-08T07:37:16+00:00","dateModified":"2022-07-08T07:41:26+00:00","mainEntityOfPage":{"@id":"https:\/\/www.logicenters.sultandev.se\/sv\/jon-malmsten-de-som-investerar-idag-gor-en-bra-affar\/"},"wordCount":722,"publisher":{"@id":"https:\/\/logicenters.sultandev.se\/#organization"},"articleSection":["Nordic","Sustainability","Sverige","Utvecklingsm\u00f6jlighet"],"inLanguage":"sv-SE"},{"@type":"WebPage","@id":"https:\/\/www.logicenters.sultandev.se\/sv\/jon-malmsten-de-som-investerar-idag-gor-en-bra-affar\/","url":"https:\/\/www.logicenters.sultandev.se\/sv\/jon-malmsten-de-som-investerar-idag-gor-en-bra-affar\/","name":"Jon Malmsten: \u201dDe som investerar i solceller g\u00f6r en bra aff\u00e4r\u201d &#8211; Logicenters","isPartOf":{"@id":"https:\/\/logicenters.sultandev.se\/#website"},"datePublished":"2022-07-08T07:37:16+00:00","dateModified":"2022-07-08T07:41:26+00:00","breadcrumb":{"@id":"https:\/\/www.logicenters.sultandev.se\/sv\/jon-malmsten-de-som-investerar-idag-gor-en-bra-affar\/#breadcrumb"},"inLanguage":"sv-SE","potentialAction":[{"@type":"ReadAction","target":["https:\/\/www.logicenters.sultandev.se\/sv\/jon-malmsten-de-som-investerar-idag-gor-en-bra-affar\/"]}]},{"@type":"BreadcrumbList","@id":"https:\/\/www.logicenters.sultandev.se\/sv\/jon-malmsten-de-som-investerar-idag-gor-en-bra-affar\/#breadcrumb","itemListElement":[{"@type":"ListItem","position":1,"name":"Home","item":"https:\/\/www.logicenters.sultandev.se\/sv\/"},{"@type":"ListItem","position":2,"name":"Jon Malmsten: \u201dDe som investerar i solceller g\u00f6r en bra aff\u00e4r\u201d"}]},{"@type":"WebSite","@id":"https:\/\/logicenters.sultandev.se\/#website","url":"https:\/\/logicenters.sultandev.se\/","name":"Logicenters","description":"The leader of modern logistics properties in the nordics","publisher":{"@id":"https:\/\/logicenters.sultandev.se\/#organization"},"potentialAction":[{"@type":"SearchAction","target":{"@type":"EntryPoint","urlTemplate":"https:\/\/logicenters.sultandev.se\/?s={search_term_string}"},"query-input":{"@type":"PropertyValueSpecification","valueRequired":true,"valueName":"search_term_string"}}],"inLanguage":"sv-SE"},{"@type":"Organization","@id":"https:\/\/logicenters.sultandev.se\/#organization","name":"Logicenters","url":"https:\/\/logicenters.sultandev.se\/","logo":{"@type":"ImageObject","inLanguage":"sv-SE","@id":"https:\/\/logicenters.sultandev.se\/#\/schema\/logo\/image\/","url":"https:\/\/logicenters.sultandev.se\/uploads\/2024\/10\/LOGGA.png","contentUrl":"https:\/\/logicenters.sultandev.se\/uploads\/2024\/10\/LOGGA.png","width":600,"height":74,"caption":"Logicenters"},"image":{"@id":"https:\/\/logicenters.sultandev.se\/#\/schema\/logo\/image\/"},"sameAs":["https:\/\/www.linkedin.com\/company\/logicenters\/yoast"]},{"@type":"Person","@id":"https:\/\/logicenters.sultandev.se\/#\/schema\/person\/59aec831e47c8441d1a6e71b09d14421","name":"Anna Hillinge"}]}},"_links":{"self":[{"href":"https:\/\/www.logicenters.sultandev.se\/sv\/wp-json\/wp\/v2\/posts\/21989","targetHints":{"allow":["GET"]}}],"collection":[{"href":"https:\/\/www.logicenters.sultandev.se\/sv\/wp-json\/wp\/v2\/posts"}],"about":[{"href":"https:\/\/www.logicenters.sultandev.se\/sv\/wp-json\/wp\/v2\/types\/post"}],"author":[{"embeddable":true,"href":"https:\/\/www.logicenters.sultandev.se\/sv\/wp-json\/wp\/v2\/users\/6"}],"replies":[{"embeddable":true,"href":"https:\/\/www.logicenters.sultandev.se\/sv\/wp-json\/wp\/v2\/comments?post=21989"}],"version-history":[{"count":2,"href":"https:\/\/www.logicenters.sultandev.se\/sv\/wp-json\/wp\/v2\/posts\/21989\/revisions"}],"predecessor-version":[{"id":22001,"href":"https:\/\/www.logicenters.sultandev.se\/sv\/wp-json\/wp\/v2\/posts\/21989\/revisions\/22001"}],"wp:attachment":[{"href":"https:\/\/www.logicenters.sultandev.se\/sv\/wp-json\/wp\/v2\/media?parent=21989"}],"wp:term":[{"taxonomy":"category","embeddable":true,"href":"https:\/\/www.logicenters.sultandev.se\/sv\/wp-json\/wp\/v2\/categories?post=21989"},{"taxonomy":"post_tag","embeddable":true,"href":"https:\/\/www.logicenters.sultandev.se\/sv\/wp-json\/wp\/v2\/tags?post=21989"}],"curies":[{"name":"wp","href":"https:\/\/api.w.org\/{rel}","templated":true}]}}