{"id":18928,"date":"2021-07-13T12:55:51","date_gmt":"2021-07-13T12:55:51","guid":{"rendered":"http:\/\/logicenters.sultandev.se\/?p=18928"},"modified":"2021-07-13T14:09:27","modified_gmt":"2021-07-13T14:09:27","slug":"logicenters-soker-ansvarig-for-solceller-och-energioptimeringar","status":"publish","type":"post","link":"https:\/\/www.logicenters.sultandev.se\/sv\/logicenters-soker-ansvarig-for-solceller-och-energioptimeringar\/","title":{"rendered":"Logicenters s\u00f6ker ansvarig f\u00f6r solceller och energioptimeringar"},"content":{"rendered":"<p><strong>Vill du arbeta hos den ledande utvecklaren av moderna logistikfastigheter i Norden? Ta chansen att ansvara f\u00f6r Logicenters solcellsinstallationer och energioptimeringar.<\/strong><\/p>\n<p><strong>Om tj\u00e4nsten<\/strong><\/p>\n<p>Nu s\u00f6ker vi p\u00e5 Logicenters en person som brinner f\u00f6r f\u00f6rnyelsebar energi och ser stor potential i framtidens energil\u00f6sningar. Vi \u00e4ger och investerar i logistikfastigheter och har idag tillg\u00e5ng till 1,5 miljoner kvadratmeter takyta l\u00e4mpliga f\u00f6r solcellsinstallationer. H\u00e5llbarhet ligger h\u00f6gt upp p\u00e5 agendan och vi p\u00e5 Logicenters erbjuder alla v\u00e5ra kunder solcellsinstallationer och h\u00e5llbara transportl\u00f6sningar via diverse e-mobility l\u00f6sningar.<\/p>\n<p>P\u00e5 Logicenters kommer du att ha det \u00f6vergripande ansvaret f\u00f6r samtliga solcellsinstallationer i Norden \u2013 men p\u00e5 sikt \u00e4ven i v\u00e5ra nya marknader inom Europa. Vidare kommer du att arbete med fr\u00e5gor r\u00f6rande energieffektiva l\u00f6sningar i v\u00e5ra fastigheter under f\u00f6rvaltning men \u00e4ven i v\u00e5ra utvecklingsprojekt. I rollen som Manager och Business Developer inom solceller utg\u00e5r du fr\u00e5n Logicenters centralt bel\u00e4gna kontor p\u00e5 Regeringsgatan i Stockholm. Du kommer att ing\u00e5 i Development-teamet och rapportera till ansvarig inom teamet.<\/p>\n<p>I din roll ing\u00e5r bland annat:<\/p>\n<ul>\n<li>Ansvara f\u00f6r att genomf\u00f6ra samtliga Logicenters solcellsprojekt, fr\u00e5n start till slut<\/li>\n<li>Utf\u00f6ra investeringsanalyser<\/li>\n<li>F\u00f6rhandla avtal med hyresg\u00e4ster och kommersialisera Logicenters kunderbjudande<\/li>\n<li>F\u00f6rhandla och teckna avtal med konsulter, entrepren\u00f6rer och leverant\u00f6rer<\/li>\n<li>Ansvara f\u00f6r att tekniska utredningar som ligger till grund f\u00f6r n\u00f6dv\u00e4ndiga tillst\u00e5nd tas fram<\/li>\n<li>Arbeta med strategier och aff\u00e4rsutveckling inom omr\u00e5det h\u00e5llbara energil\u00f6sningar<\/li>\n<li>Driva utvecklingen kring laddning och lagring<\/li>\n<li>Omv\u00e4rldsbevakning av teknikf\u00f6retag, leverant\u00f6rer, konkurrenter, teknologier och applikationer<\/li>\n<\/ul>\n<p><strong>Din profil<\/strong><\/p>\n<p>Du har tidigare arbetat med solcellsinstallationer men har \u00e4ven en generell f\u00f6rst\u00e5else f\u00f6r fastigheter och hur man arbetar med energioptimering och analyser.<\/p>\n<p>Vi s\u00f6ker dig med ett entrepren\u00f6riellt mindset och stor flexibilitet. Du b\u00f6r vara lyh\u00f6rd och kunna identifiera behoven hos v\u00e5ra kunder. Vi ser g\u00e4rna att du har en f\u00f6rdjupad kunskap inom energi-, fastighetsteknik eller liknande och att du har en mycket god f\u00f6rm\u00e5ga att kommunicera p\u00e5 svenska och engelska i s\u00e5v\u00e4l tal som skrift. Dokumenterad erfarenhet av liknande jobb under minst 3\u20135 \u00e5r kr\u00e4vs.<\/p>\n<p>F\u00f6r att lyckas i rollen b\u00f6r du vara drivande och sj\u00e4lvst\u00e4ndig samt inneha k\u00f6rkort.<\/p>\n<p><strong>Din ans\u00f6kan<\/strong><\/p>\n<p>Vill du bli en del av Logicenters? V\u00e4lkommen med din ans\u00f6kan via www.boardtalk.se. Fr\u00e5gor besvaras av rekryteringskonsult Sofi Resander. Urval och intervjuer sker l\u00f6pande varf\u00f6r vi ser fram emot din ans\u00f6kan s\u00e5 snart som m\u00f6jligt.<\/p>\n<p>E-maill: sofi.resander@boardtalk.se.<\/p>\n<p>Telefon: 070-790 27 12<\/p>\n<p><strong>Om Logicenters<\/strong><\/p>\n<p>Logicenters \u00e4r den ledande utvecklaren och l\u00e5ngsiktiga \u00e4garen av moderna logistikfastigheter i de fr\u00e4msta logistikl\u00e4gena i Norden samt Polen. Vi utvecklar, \u00e4ger och f\u00f6rvaltar n\u00e4stan 2 miljoner kvadratmeter uthyrningsbar logistikyta. Under det senaste \u00e5rtiondet har vi varit den mest aktiva utvecklaren av moderna logistikfastigheter, med fler \u00e4n 25 avslutade projekt och \u00f6ver 600 000 kvadratmeter. V\u00e5r approach som en ytterst aktiv och modern akt\u00f6r har lett till goda samarbeten med m\u00e5nga av de st\u00f6rsta logistikf\u00f6retagen runt om i regionen, bland annat Aditro, Bring, DHL, DSV, Itella och PostNord.<\/p>\n","protected":false},"excerpt":{"rendered":"<p>Vill du arbeta hos den ledande utvecklaren av moderna logistikfastigheter i Norden? Ta chansen att ansvara&#8230;<\/p>\n","protected":false},"author":6,"featured_media":0,"comment_status":"closed","ping_status":"closed","sticky":false,"template":"","format":"standard","meta":{"_acf_changed":false,"footnotes":""},"categories":[214,215],"tags":[],"class_list":["post-18928","post","type-post","status-publish","format-standard","hentry","category-nyheter","category-sustainability-sv"],"acf":[],"yoast_head":"<!-- This site is optimized with the Yoast SEO plugin v23.8 - https:\/\/yoast.com\/wordpress\/plugins\/seo\/ -->\n<title>Logicenters s\u00f6ker ansvarig f\u00f6r solceller och energioptimeringar &#8211; Logicenters<\/title>\n<meta name=\"robots\" content=\"noindex, follow, max-snippet:-1, max-image-preview:large, max-video-preview:-1\" \/>\n<meta property=\"og:locale\" content=\"sv_SE\" \/>\n<meta property=\"og:type\" content=\"article\" \/>\n<meta property=\"og:title\" content=\"Logicenters s\u00f6ker ansvarig f\u00f6r solceller och energioptimeringar &#8211; Logicenters\" \/>\n<meta property=\"og:description\" content=\"Vill du arbeta hos den ledande utvecklaren av moderna logistikfastigheter i Norden? Ta chansen att ansvara...\" \/>\n<meta property=\"og:url\" content=\"https:\/\/www.logicenters.sultandev.se\/sv\/logicenters-soker-ansvarig-for-solceller-och-energioptimeringar\/\" \/>\n<meta property=\"og:site_name\" content=\"Logicenters\" \/>\n<meta property=\"article:published_time\" content=\"2021-07-13T12:55:51+00:00\" \/>\n<meta property=\"article:modified_time\" content=\"2021-07-13T14:09:27+00:00\" \/>\n<meta name=\"author\" content=\"Anna Hillinge\" \/>\n<meta name=\"twitter:card\" content=\"summary_large_image\" \/>\n<meta name=\"twitter:label1\" content=\"Written by\" \/>\n\t<meta name=\"twitter:data1\" content=\"Anna Hillinge\" \/>\n\t<meta name=\"twitter:label2\" content=\"Est. reading time\" \/>\n\t<meta name=\"twitter:data2\" content=\"3 minutes\" \/>\n<script type=\"application\/ld+json\" class=\"yoast-schema-graph\">{\"@context\":\"https:\/\/schema.org\",\"@graph\":[{\"@type\":\"Article\",\"@id\":\"https:\/\/www.logicenters.sultandev.se\/sv\/logicenters-soker-ansvarig-for-solceller-och-energioptimeringar\/#article\",\"isPartOf\":{\"@id\":\"https:\/\/www.logicenters.sultandev.se\/sv\/logicenters-soker-ansvarig-for-solceller-och-energioptimeringar\/\"},\"author\":{\"name\":\"Anna Hillinge\",\"@id\":\"https:\/\/www.logicenters.sultandev.se\/#\/schema\/person\/59aec831e47c8441d1a6e71b09d14421\"},\"headline\":\"Logicenters s\u00f6ker ansvarig f\u00f6r solceller och energioptimeringar\",\"datePublished\":\"2021-07-13T12:55:51+00:00\",\"dateModified\":\"2021-07-13T14:09:27+00:00\",\"mainEntityOfPage\":{\"@id\":\"https:\/\/www.logicenters.sultandev.se\/sv\/logicenters-soker-ansvarig-for-solceller-och-energioptimeringar\/\"},\"wordCount\":558,\"publisher\":{\"@id\":\"https:\/\/www.logicenters.sultandev.se\/#organization\"},\"articleSection\":[\"Nyheter\",\"Sustainability\"],\"inLanguage\":\"sv-SE\"},{\"@type\":\"WebPage\",\"@id\":\"https:\/\/www.logicenters.sultandev.se\/sv\/logicenters-soker-ansvarig-for-solceller-och-energioptimeringar\/\",\"url\":\"https:\/\/www.logicenters.sultandev.se\/sv\/logicenters-soker-ansvarig-for-solceller-och-energioptimeringar\/\",\"name\":\"Logicenters s\u00f6ker ansvarig f\u00f6r solceller och energioptimeringar &#8211; Logicenters\",\"isPartOf\":{\"@id\":\"https:\/\/www.logicenters.sultandev.se\/#website\"},\"datePublished\":\"2021-07-13T12:55:51+00:00\",\"dateModified\":\"2021-07-13T14:09:27+00:00\",\"breadcrumb\":{\"@id\":\"https:\/\/www.logicenters.sultandev.se\/sv\/logicenters-soker-ansvarig-for-solceller-och-energioptimeringar\/#breadcrumb\"},\"inLanguage\":\"sv-SE\",\"potentialAction\":[{\"@type\":\"ReadAction\",\"target\":[\"https:\/\/www.logicenters.sultandev.se\/sv\/logicenters-soker-ansvarig-for-solceller-och-energioptimeringar\/\"]}]},{\"@type\":\"BreadcrumbList\",\"@id\":\"https:\/\/www.logicenters.sultandev.se\/sv\/logicenters-soker-ansvarig-for-solceller-och-energioptimeringar\/#breadcrumb\",\"itemListElement\":[{\"@type\":\"ListItem\",\"position\":1,\"name\":\"Home\",\"item\":\"https:\/\/logicenters.sultandev.se\/sv\/\"},{\"@type\":\"ListItem\",\"position\":2,\"name\":\"Logicenters s\u00f6ker ansvarig f\u00f6r solceller och energioptimeringar\"}]},{\"@type\":\"WebSite\",\"@id\":\"https:\/\/www.logicenters.sultandev.se\/#website\",\"url\":\"https:\/\/www.logicenters.sultandev.se\/\",\"name\":\"Logicenters\",\"description\":\"The leader of modern logistics properties in the nordics\",\"publisher\":{\"@id\":\"https:\/\/www.logicenters.sultandev.se\/#organization\"},\"potentialAction\":[{\"@type\":\"SearchAction\",\"target\":{\"@type\":\"EntryPoint\",\"urlTemplate\":\"https:\/\/www.logicenters.sultandev.se\/?s={search_term_string}\"},\"query-input\":{\"@type\":\"PropertyValueSpecification\",\"valueRequired\":true,\"valueName\":\"search_term_string\"}}],\"inLanguage\":\"sv-SE\"},{\"@type\":\"Organization\",\"@id\":\"https:\/\/www.logicenters.sultandev.se\/#organization\",\"name\":\"Logicenters\",\"url\":\"https:\/\/www.logicenters.sultandev.se\/\",\"logo\":{\"@type\":\"ImageObject\",\"inLanguage\":\"sv-SE\",\"@id\":\"https:\/\/www.logicenters.sultandev.se\/#\/schema\/logo\/image\/\",\"url\":\"https:\/\/logicenters.sultandev.se\/uploads\/2024\/10\/LOGGA.png\",\"contentUrl\":\"https:\/\/logicenters.sultandev.se\/uploads\/2024\/10\/LOGGA.png\",\"width\":600,\"height\":74,\"caption\":\"Logicenters\"},\"image\":{\"@id\":\"https:\/\/www.logicenters.sultandev.se\/#\/schema\/logo\/image\/\"},\"sameAs\":[\"https:\/\/www.linkedin.com\/company\/logicenters\/yoast\"]},{\"@type\":\"Person\",\"@id\":\"https:\/\/www.logicenters.sultandev.se\/#\/schema\/person\/59aec831e47c8441d1a6e71b09d14421\",\"name\":\"Anna Hillinge\"}]}<\/script>\n<!-- \/ Yoast SEO plugin. -->","yoast_head_json":{"title":"Logicenters s\u00f6ker ansvarig f\u00f6r solceller och energioptimeringar &#8211; Logicenters","robots":{"index":"noindex","follow":"follow","max-snippet":"max-snippet:-1","max-image-preview":"max-image-preview:large","max-video-preview":"max-video-preview:-1"},"og_locale":"sv_SE","og_type":"article","og_title":"Logicenters s\u00f6ker ansvarig f\u00f6r solceller och energioptimeringar &#8211; Logicenters","og_description":"Vill du arbeta hos den ledande utvecklaren av moderna logistikfastigheter i Norden? Ta chansen att ansvara...","og_url":"https:\/\/www.logicenters.sultandev.se\/sv\/logicenters-soker-ansvarig-for-solceller-och-energioptimeringar\/","og_site_name":"Logicenters","article_published_time":"2021-07-13T12:55:51+00:00","article_modified_time":"2021-07-13T14:09:27+00:00","author":"Anna Hillinge","twitter_card":"summary_large_image","twitter_misc":{"Written by":"Anna Hillinge","Est. reading time":"3 minutes"},"schema":{"@context":"https:\/\/schema.org","@graph":[{"@type":"Article","@id":"https:\/\/www.logicenters.sultandev.se\/sv\/logicenters-soker-ansvarig-for-solceller-och-energioptimeringar\/#article","isPartOf":{"@id":"https:\/\/www.logicenters.sultandev.se\/sv\/logicenters-soker-ansvarig-for-solceller-och-energioptimeringar\/"},"author":{"name":"Anna Hillinge","@id":"https:\/\/www.logicenters.sultandev.se\/#\/schema\/person\/59aec831e47c8441d1a6e71b09d14421"},"headline":"Logicenters s\u00f6ker ansvarig f\u00f6r solceller och energioptimeringar","datePublished":"2021-07-13T12:55:51+00:00","dateModified":"2021-07-13T14:09:27+00:00","mainEntityOfPage":{"@id":"https:\/\/www.logicenters.sultandev.se\/sv\/logicenters-soker-ansvarig-for-solceller-och-energioptimeringar\/"},"wordCount":558,"publisher":{"@id":"https:\/\/www.logicenters.sultandev.se\/#organization"},"articleSection":["Nyheter","Sustainability"],"inLanguage":"sv-SE"},{"@type":"WebPage","@id":"https:\/\/www.logicenters.sultandev.se\/sv\/logicenters-soker-ansvarig-for-solceller-och-energioptimeringar\/","url":"https:\/\/www.logicenters.sultandev.se\/sv\/logicenters-soker-ansvarig-for-solceller-och-energioptimeringar\/","name":"Logicenters s\u00f6ker ansvarig f\u00f6r solceller och energioptimeringar &#8211; Logicenters","isPartOf":{"@id":"https:\/\/www.logicenters.sultandev.se\/#website"},"datePublished":"2021-07-13T12:55:51+00:00","dateModified":"2021-07-13T14:09:27+00:00","breadcrumb":{"@id":"https:\/\/www.logicenters.sultandev.se\/sv\/logicenters-soker-ansvarig-for-solceller-och-energioptimeringar\/#breadcrumb"},"inLanguage":"sv-SE","potentialAction":[{"@type":"ReadAction","target":["https:\/\/www.logicenters.sultandev.se\/sv\/logicenters-soker-ansvarig-for-solceller-och-energioptimeringar\/"]}]},{"@type":"BreadcrumbList","@id":"https:\/\/www.logicenters.sultandev.se\/sv\/logicenters-soker-ansvarig-for-solceller-och-energioptimeringar\/#breadcrumb","itemListElement":[{"@type":"ListItem","position":1,"name":"Home","item":"https:\/\/logicenters.sultandev.se\/sv\/"},{"@type":"ListItem","position":2,"name":"Logicenters s\u00f6ker ansvarig f\u00f6r solceller och energioptimeringar"}]},{"@type":"WebSite","@id":"https:\/\/www.logicenters.sultandev.se\/#website","url":"https:\/\/www.logicenters.sultandev.se\/","name":"Logicenters","description":"The leader of modern logistics properties in the nordics","publisher":{"@id":"https:\/\/www.logicenters.sultandev.se\/#organization"},"potentialAction":[{"@type":"SearchAction","target":{"@type":"EntryPoint","urlTemplate":"https:\/\/www.logicenters.sultandev.se\/?s={search_term_string}"},"query-input":{"@type":"PropertyValueSpecification","valueRequired":true,"valueName":"search_term_string"}}],"inLanguage":"sv-SE"},{"@type":"Organization","@id":"https:\/\/www.logicenters.sultandev.se\/#organization","name":"Logicenters","url":"https:\/\/www.logicenters.sultandev.se\/","logo":{"@type":"ImageObject","inLanguage":"sv-SE","@id":"https:\/\/www.logicenters.sultandev.se\/#\/schema\/logo\/image\/","url":"https:\/\/logicenters.sultandev.se\/uploads\/2024\/10\/LOGGA.png","contentUrl":"https:\/\/logicenters.sultandev.se\/uploads\/2024\/10\/LOGGA.png","width":600,"height":74,"caption":"Logicenters"},"image":{"@id":"https:\/\/www.logicenters.sultandev.se\/#\/schema\/logo\/image\/"},"sameAs":["https:\/\/www.linkedin.com\/company\/logicenters\/yoast"]},{"@type":"Person","@id":"https:\/\/www.logicenters.sultandev.se\/#\/schema\/person\/59aec831e47c8441d1a6e71b09d14421","name":"Anna Hillinge"}]}},"_links":{"self":[{"href":"https:\/\/www.logicenters.sultandev.se\/sv\/wp-json\/wp\/v2\/posts\/18928","targetHints":{"allow":["GET"]}}],"collection":[{"href":"https:\/\/www.logicenters.sultandev.se\/sv\/wp-json\/wp\/v2\/posts"}],"about":[{"href":"https:\/\/www.logicenters.sultandev.se\/sv\/wp-json\/wp\/v2\/types\/post"}],"author":[{"embeddable":true,"href":"https:\/\/www.logicenters.sultandev.se\/sv\/wp-json\/wp\/v2\/users\/6"}],"replies":[{"embeddable":true,"href":"https:\/\/www.logicenters.sultandev.se\/sv\/wp-json\/wp\/v2\/comments?post=18928"}],"version-history":[{"count":2,"href":"https:\/\/www.logicenters.sultandev.se\/sv\/wp-json\/wp\/v2\/posts\/18928\/revisions"}],"predecessor-version":[{"id":18932,"href":"https:\/\/www.logicenters.sultandev.se\/sv\/wp-json\/wp\/v2\/posts\/18928\/revisions\/18932"}],"wp:attachment":[{"href":"https:\/\/www.logicenters.sultandev.se\/sv\/wp-json\/wp\/v2\/media?parent=18928"}],"wp:term":[{"taxonomy":"category","embeddable":true,"href":"https:\/\/www.logicenters.sultandev.se\/sv\/wp-json\/wp\/v2\/categories?post=18928"},{"taxonomy":"post_tag","embeddable":true,"href":"https:\/\/www.logicenters.sultandev.se\/sv\/wp-json\/wp\/v2\/tags?post=18928"}],"curies":[{"name":"wp","href":"https:\/\/api.w.org\/{rel}","templated":true}]}}