{"id":15622,"date":"2021-03-21T10:18:35","date_gmt":"2021-03-21T10:18:35","guid":{"rendered":"http:\/\/logicenters.sultandev.se\/rekordmanga-solcellsinstallationer-logicenters-vaxlar-upp-sitt-hallbarhetsarbete-2\/"},"modified":"2021-03-21T10:22:38","modified_gmt":"2021-03-21T10:22:38","slug":"rekordmanga-solcellsinstallationer-logicenters-vaxlar-upp-sitt-hallbarhetsarbete-2","status":"publish","type":"post","link":"https:\/\/www.logicenters.sultandev.se\/sv\/rekordmanga-solcellsinstallationer-logicenters-vaxlar-upp-sitt-hallbarhetsarbete-2\/","title":{"rendered":"Rekordm\u00e5nga solcellsinstallationer: Logicenters v\u00e4xlar upp sitt h\u00e5llbarhetsarbete"},"content":{"rendered":"<p><strong>Med ambitionen att \u00f6verg\u00e5 till 100 procent f\u00f6rnybar elektricitet i sin verksamhet innan 2025 v\u00e4xlar Logicenters upp takten rej\u00e4lt och har nu solcellsinstallationer under uppf\u00f6rande p\u00e5 ytterligare sex av sina logistikfastigheter. Det inneb\u00e4r en f\u00f6rdubbling av antalet solcellsanl\u00e4ggningar som Logicenters har idag. Vid f\u00e4rdigst\u00e4llande ber\u00e4knas samtliga solcellsanl\u00e4ggningar generera uppemot 9 gigawattimmar elektricitet p\u00e5 en \u00e5rlig basis.<\/strong><\/p>\n<p>Logicenters har nyligen skrivit avtal om att installera solceller p\u00e5 sex av sina logistikfastigheter runtom i Norden. F\u00f6r n\u00e4rvarande har logistikfastighetsakt\u00f6ren solcellsanl\u00e4ggningar p\u00e5 sju av sina fastigheter. I och med de installationer som nu genomf\u00f6rs f\u00f6rdubblar Logicenters d\u00e4rmed antalet solcellsinstallationer p\u00e5 sina fastigheter. Solcellsanl\u00e4ggningarna kommer att totalt ha en kapacitet p\u00e5 uppemot 10\u00a0000 kWp och producera 9 gigawattimmar elektricitet p\u00e5 en \u00e5rlig basis. Det motsvarar lika mycket energi som beh\u00f6vs f\u00f6r att kunna f\u00f6rse 1\u00a0800 villor med el under ett helt \u00e5r.<\/p>\n<p>Bland annat h\u00e5ller Logicenters och hyresg\u00e4sten Speed Group f\u00f6r n\u00e4rvarande p\u00e5 att installera Nordens st\u00f6rsta solcellsanl\u00e4ggning p\u00e5 tak i Bor\u00e5s, Sverige. P\u00e5 bara denna fastighet omfattar solcellerna en takyta p\u00e5 60 000 m2\u00a0och har en kapacitet om 5\u00a0000 kWp.<\/p>\n<p><em>\u201dVi \u00e4r v\u00e4ldigt n\u00f6jda \u00f6ver att kunna leda denna h\u00e5llbara omst\u00e4llning inom logistikbranschen. F\u00f6r oss \u00e4r det h\u00f6g prioritet att minska v\u00e5rt klimatavtryck i st\u00f6rsta m\u00f6jliga utstr\u00e4ckning samtidigt som vi framtidss\u00e4krar energibehovet hos v\u00e5ra hyresg\u00e4ster.<\/em> <em>Genom att installera solcellerna p\u00e5 v\u00e5ra tak kan vi dessutom utnyttja v\u00e4ldigt stora ytor som vanligtvis inte anv\u00e4nds, ist\u00e4llet f\u00f6r att anv\u00e4nda mark som skulle kunna l\u00e4mpa sig b\u00e4ttre till annat\u201d, <\/em>s\u00e4ger Matthias Kettelhoit, Head of Logicenters.<\/p>\n<p>Som den ledande utvecklaren och \u00e4garen av moderna logistikfastigheter i Norden vill Logicenters \u00e4ven leda omst\u00e4llningen till f\u00f6rnybar energi inom logistikbranschen. Genom NREP har Logicenters anslutit sig till RE100, en global koalition av f\u00f6retag med syftet att driva en gr\u00f6n omst\u00e4llning. I och med anslutningen f\u00f6rbinder sig Logicenters att \u00f6verg\u00e5 till 100 procent f\u00f6rnybar elektricitet i hela bolagets fastighetsportf\u00f6lj innan 2025.<\/p>\n<p><em>\u201dSolceller \u00e4r bara en del av v\u00e5rt omfattande h\u00e5llbarhetsarbete. Vi f\u00f6r \u00e4ven l\u00f6pande dialog med v\u00e5ra hyresg\u00e4ster f\u00f6r att implementera energieffektiviserande \u00e5tg\u00e4rder som samtidigt inneb\u00e4r stora besparingspotential f\u00f6r dem\u201d, <\/em>s\u00e4ger Karin Sj\u00f6vall, Head of Sustainability p\u00e5 Logicenters.<\/p>\n","protected":false},"excerpt":{"rendered":"<p>Med ambitionen att \u00f6verg\u00e5 till 100 procent f\u00f6rnybar elektricitet i sin verksamhet innan 2025 v\u00e4xlar Logicenters&#8230;<\/p>\n","protected":false},"author":3,"featured_media":15571,"comment_status":"closed","ping_status":"closed","sticky":false,"template":"","format":"standard","meta":{"_acf_changed":false,"footnotes":""},"categories":[83,79,228,77,214,213,215,81],"tags":[],"class_list":["post-15622","post","type-post","status-publish","format-standard","has-post-thumbnail","hentry","category-denmark-sv","category-finland-sv","category-nordic-sv","category-norge","category-nyheter","category-press-sv","category-sustainability-sv","category-sverige"],"acf":[],"yoast_head":"<!-- This site is optimized with the Yoast SEO plugin v23.8 - https:\/\/yoast.com\/wordpress\/plugins\/seo\/ -->\n<title>Rekordm\u00e5nga solcellsinstallationer: Logicenters v\u00e4xlar upp sitt h\u00e5llbarhetsarbete &#8211; Logicenters<\/title>\n<meta name=\"robots\" content=\"noindex, follow, max-snippet:-1, max-image-preview:large, max-video-preview:-1\" \/>\n<meta property=\"og:locale\" content=\"sv_SE\" \/>\n<meta property=\"og:type\" content=\"article\" \/>\n<meta property=\"og:title\" content=\"Rekordm\u00e5nga solcellsinstallationer: Logicenters v\u00e4xlar upp sitt h\u00e5llbarhetsarbete &#8211; Logicenters\" \/>\n<meta property=\"og:description\" content=\"Med ambitionen att \u00f6verg\u00e5 till 100 procent f\u00f6rnybar elektricitet i sin verksamhet innan 2025 v\u00e4xlar Logicenters...\" \/>\n<meta property=\"og:url\" content=\"https:\/\/www.logicenters.sultandev.se\/sv\/rekordmanga-solcellsinstallationer-logicenters-vaxlar-upp-sitt-hallbarhetsarbete-2\/\" \/>\n<meta property=\"og:site_name\" content=\"Logicenters\" \/>\n<meta property=\"article:published_time\" content=\"2021-03-21T10:18:35+00:00\" \/>\n<meta property=\"article:modified_time\" content=\"2021-03-21T10:22:38+00:00\" \/>\n<meta property=\"og:image\" content=\"https:\/\/www.logicenters.sultandev.se\/uploads\/2021\/03\/Image5_000-1024x458.png\" \/>\n\t<meta property=\"og:image:width\" content=\"1024\" \/>\n\t<meta property=\"og:image:height\" content=\"458\" \/>\n\t<meta property=\"og:image:type\" content=\"image\/png\" \/>\n<meta name=\"author\" content=\"Johan Ahlstrand\" \/>\n<meta name=\"twitter:card\" content=\"summary_large_image\" \/>\n<meta name=\"twitter:label1\" content=\"Written by\" \/>\n\t<meta name=\"twitter:data1\" content=\"Johan Ahlstrand\" \/>\n\t<meta name=\"twitter:label2\" content=\"Est. reading time\" \/>\n\t<meta name=\"twitter:data2\" content=\"2 minutes\" \/>\n<script type=\"application\/ld+json\" class=\"yoast-schema-graph\">{\"@context\":\"https:\/\/schema.org\",\"@graph\":[{\"@type\":\"Article\",\"@id\":\"https:\/\/www.logicenters.sultandev.se\/sv\/rekordmanga-solcellsinstallationer-logicenters-vaxlar-upp-sitt-hallbarhetsarbete-2\/#article\",\"isPartOf\":{\"@id\":\"https:\/\/www.logicenters.sultandev.se\/sv\/rekordmanga-solcellsinstallationer-logicenters-vaxlar-upp-sitt-hallbarhetsarbete-2\/\"},\"author\":{\"name\":\"Johan Ahlstrand\",\"@id\":\"https:\/\/logicenters.sultandev.se\/#\/schema\/person\/9b632017c5e14ed98b2969061daa033b\"},\"headline\":\"Rekordm\u00e5nga solcellsinstallationer: Logicenters v\u00e4xlar upp sitt h\u00e5llbarhetsarbete\",\"datePublished\":\"2021-03-21T10:18:35+00:00\",\"dateModified\":\"2021-03-21T10:22:38+00:00\",\"mainEntityOfPage\":{\"@id\":\"https:\/\/www.logicenters.sultandev.se\/sv\/rekordmanga-solcellsinstallationer-logicenters-vaxlar-upp-sitt-hallbarhetsarbete-2\/\"},\"wordCount\":418,\"publisher\":{\"@id\":\"https:\/\/logicenters.sultandev.se\/#organization\"},\"image\":{\"@id\":\"https:\/\/www.logicenters.sultandev.se\/sv\/rekordmanga-solcellsinstallationer-logicenters-vaxlar-upp-sitt-hallbarhetsarbete-2\/#primaryimage\"},\"thumbnailUrl\":\"https:\/\/www.logicenters.sultandev.se\/uploads\/2021\/03\/Image5_000.png\",\"articleSection\":[\"Danmark\",\"Finland\",\"Nordic\",\"Norge\",\"Nyheter\",\"Press\",\"Sustainability\",\"Sverige\"],\"inLanguage\":\"sv-SE\"},{\"@type\":\"WebPage\",\"@id\":\"https:\/\/www.logicenters.sultandev.se\/sv\/rekordmanga-solcellsinstallationer-logicenters-vaxlar-upp-sitt-hallbarhetsarbete-2\/\",\"url\":\"https:\/\/www.logicenters.sultandev.se\/sv\/rekordmanga-solcellsinstallationer-logicenters-vaxlar-upp-sitt-hallbarhetsarbete-2\/\",\"name\":\"Rekordm\u00e5nga solcellsinstallationer: Logicenters v\u00e4xlar upp sitt h\u00e5llbarhetsarbete &#8211; Logicenters\",\"isPartOf\":{\"@id\":\"https:\/\/logicenters.sultandev.se\/#website\"},\"primaryImageOfPage\":{\"@id\":\"https:\/\/www.logicenters.sultandev.se\/sv\/rekordmanga-solcellsinstallationer-logicenters-vaxlar-upp-sitt-hallbarhetsarbete-2\/#primaryimage\"},\"image\":{\"@id\":\"https:\/\/www.logicenters.sultandev.se\/sv\/rekordmanga-solcellsinstallationer-logicenters-vaxlar-upp-sitt-hallbarhetsarbete-2\/#primaryimage\"},\"thumbnailUrl\":\"https:\/\/www.logicenters.sultandev.se\/uploads\/2021\/03\/Image5_000.png\",\"datePublished\":\"2021-03-21T10:18:35+00:00\",\"dateModified\":\"2021-03-21T10:22:38+00:00\",\"breadcrumb\":{\"@id\":\"https:\/\/www.logicenters.sultandev.se\/sv\/rekordmanga-solcellsinstallationer-logicenters-vaxlar-upp-sitt-hallbarhetsarbete-2\/#breadcrumb\"},\"inLanguage\":\"sv-SE\",\"potentialAction\":[{\"@type\":\"ReadAction\",\"target\":[\"https:\/\/www.logicenters.sultandev.se\/sv\/rekordmanga-solcellsinstallationer-logicenters-vaxlar-upp-sitt-hallbarhetsarbete-2\/\"]}]},{\"@type\":\"ImageObject\",\"inLanguage\":\"sv-SE\",\"@id\":\"https:\/\/www.logicenters.sultandev.se\/sv\/rekordmanga-solcellsinstallationer-logicenters-vaxlar-upp-sitt-hallbarhetsarbete-2\/#primaryimage\",\"url\":\"https:\/\/www.logicenters.sultandev.se\/uploads\/2021\/03\/Image5_000.png\",\"contentUrl\":\"https:\/\/www.logicenters.sultandev.se\/uploads\/2021\/03\/Image5_000.png\",\"width\":3593,\"height\":1608},{\"@type\":\"BreadcrumbList\",\"@id\":\"https:\/\/www.logicenters.sultandev.se\/sv\/rekordmanga-solcellsinstallationer-logicenters-vaxlar-upp-sitt-hallbarhetsarbete-2\/#breadcrumb\",\"itemListElement\":[{\"@type\":\"ListItem\",\"position\":1,\"name\":\"Home\",\"item\":\"https:\/\/www.logicenters.sultandev.se\/sv\/\"},{\"@type\":\"ListItem\",\"position\":2,\"name\":\"Rekordm\u00e5nga solcellsinstallationer: Logicenters v\u00e4xlar upp sitt h\u00e5llbarhetsarbete\"}]},{\"@type\":\"WebSite\",\"@id\":\"https:\/\/logicenters.sultandev.se\/#website\",\"url\":\"https:\/\/logicenters.sultandev.se\/\",\"name\":\"Logicenters\",\"description\":\"The leader of modern logistics properties in the nordics\",\"publisher\":{\"@id\":\"https:\/\/logicenters.sultandev.se\/#organization\"},\"potentialAction\":[{\"@type\":\"SearchAction\",\"target\":{\"@type\":\"EntryPoint\",\"urlTemplate\":\"https:\/\/logicenters.sultandev.se\/?s={search_term_string}\"},\"query-input\":{\"@type\":\"PropertyValueSpecification\",\"valueRequired\":true,\"valueName\":\"search_term_string\"}}],\"inLanguage\":\"sv-SE\"},{\"@type\":\"Organization\",\"@id\":\"https:\/\/logicenters.sultandev.se\/#organization\",\"name\":\"Logicenters\",\"url\":\"https:\/\/logicenters.sultandev.se\/\",\"logo\":{\"@type\":\"ImageObject\",\"inLanguage\":\"sv-SE\",\"@id\":\"https:\/\/logicenters.sultandev.se\/#\/schema\/logo\/image\/\",\"url\":\"https:\/\/logicenters.sultandev.se\/uploads\/2024\/10\/LOGGA.png\",\"contentUrl\":\"https:\/\/logicenters.sultandev.se\/uploads\/2024\/10\/LOGGA.png\",\"width\":600,\"height\":74,\"caption\":\"Logicenters\"},\"image\":{\"@id\":\"https:\/\/logicenters.sultandev.se\/#\/schema\/logo\/image\/\"},\"sameAs\":[\"https:\/\/www.linkedin.com\/company\/logicenters\/yoast\"]},{\"@type\":\"Person\",\"@id\":\"https:\/\/logicenters.sultandev.se\/#\/schema\/person\/9b632017c5e14ed98b2969061daa033b\",\"name\":\"Johan Ahlstrand\"}]}<\/script>\n<!-- \/ Yoast SEO plugin. -->","yoast_head_json":{"title":"Rekordm\u00e5nga solcellsinstallationer: Logicenters v\u00e4xlar upp sitt h\u00e5llbarhetsarbete &#8211; Logicenters","robots":{"index":"noindex","follow":"follow","max-snippet":"max-snippet:-1","max-image-preview":"max-image-preview:large","max-video-preview":"max-video-preview:-1"},"og_locale":"sv_SE","og_type":"article","og_title":"Rekordm\u00e5nga solcellsinstallationer: Logicenters v\u00e4xlar upp sitt h\u00e5llbarhetsarbete &#8211; Logicenters","og_description":"Med ambitionen att \u00f6verg\u00e5 till 100 procent f\u00f6rnybar elektricitet i sin verksamhet innan 2025 v\u00e4xlar Logicenters...","og_url":"https:\/\/www.logicenters.sultandev.se\/sv\/rekordmanga-solcellsinstallationer-logicenters-vaxlar-upp-sitt-hallbarhetsarbete-2\/","og_site_name":"Logicenters","article_published_time":"2021-03-21T10:18:35+00:00","article_modified_time":"2021-03-21T10:22:38+00:00","og_image":[{"width":1024,"height":458,"url":"https:\/\/www.logicenters.sultandev.se\/uploads\/2021\/03\/Image5_000-1024x458.png","type":"image\/png"}],"author":"Johan Ahlstrand","twitter_card":"summary_large_image","twitter_misc":{"Written by":"Johan Ahlstrand","Est. reading time":"2 minutes"},"schema":{"@context":"https:\/\/schema.org","@graph":[{"@type":"Article","@id":"https:\/\/www.logicenters.sultandev.se\/sv\/rekordmanga-solcellsinstallationer-logicenters-vaxlar-upp-sitt-hallbarhetsarbete-2\/#article","isPartOf":{"@id":"https:\/\/www.logicenters.sultandev.se\/sv\/rekordmanga-solcellsinstallationer-logicenters-vaxlar-upp-sitt-hallbarhetsarbete-2\/"},"author":{"name":"Johan Ahlstrand","@id":"https:\/\/logicenters.sultandev.se\/#\/schema\/person\/9b632017c5e14ed98b2969061daa033b"},"headline":"Rekordm\u00e5nga solcellsinstallationer: Logicenters v\u00e4xlar upp sitt h\u00e5llbarhetsarbete","datePublished":"2021-03-21T10:18:35+00:00","dateModified":"2021-03-21T10:22:38+00:00","mainEntityOfPage":{"@id":"https:\/\/www.logicenters.sultandev.se\/sv\/rekordmanga-solcellsinstallationer-logicenters-vaxlar-upp-sitt-hallbarhetsarbete-2\/"},"wordCount":418,"publisher":{"@id":"https:\/\/logicenters.sultandev.se\/#organization"},"image":{"@id":"https:\/\/www.logicenters.sultandev.se\/sv\/rekordmanga-solcellsinstallationer-logicenters-vaxlar-upp-sitt-hallbarhetsarbete-2\/#primaryimage"},"thumbnailUrl":"https:\/\/www.logicenters.sultandev.se\/uploads\/2021\/03\/Image5_000.png","articleSection":["Danmark","Finland","Nordic","Norge","Nyheter","Press","Sustainability","Sverige"],"inLanguage":"sv-SE"},{"@type":"WebPage","@id":"https:\/\/www.logicenters.sultandev.se\/sv\/rekordmanga-solcellsinstallationer-logicenters-vaxlar-upp-sitt-hallbarhetsarbete-2\/","url":"https:\/\/www.logicenters.sultandev.se\/sv\/rekordmanga-solcellsinstallationer-logicenters-vaxlar-upp-sitt-hallbarhetsarbete-2\/","name":"Rekordm\u00e5nga solcellsinstallationer: Logicenters v\u00e4xlar upp sitt h\u00e5llbarhetsarbete &#8211; Logicenters","isPartOf":{"@id":"https:\/\/logicenters.sultandev.se\/#website"},"primaryImageOfPage":{"@id":"https:\/\/www.logicenters.sultandev.se\/sv\/rekordmanga-solcellsinstallationer-logicenters-vaxlar-upp-sitt-hallbarhetsarbete-2\/#primaryimage"},"image":{"@id":"https:\/\/www.logicenters.sultandev.se\/sv\/rekordmanga-solcellsinstallationer-logicenters-vaxlar-upp-sitt-hallbarhetsarbete-2\/#primaryimage"},"thumbnailUrl":"https:\/\/www.logicenters.sultandev.se\/uploads\/2021\/03\/Image5_000.png","datePublished":"2021-03-21T10:18:35+00:00","dateModified":"2021-03-21T10:22:38+00:00","breadcrumb":{"@id":"https:\/\/www.logicenters.sultandev.se\/sv\/rekordmanga-solcellsinstallationer-logicenters-vaxlar-upp-sitt-hallbarhetsarbete-2\/#breadcrumb"},"inLanguage":"sv-SE","potentialAction":[{"@type":"ReadAction","target":["https:\/\/www.logicenters.sultandev.se\/sv\/rekordmanga-solcellsinstallationer-logicenters-vaxlar-upp-sitt-hallbarhetsarbete-2\/"]}]},{"@type":"ImageObject","inLanguage":"sv-SE","@id":"https:\/\/www.logicenters.sultandev.se\/sv\/rekordmanga-solcellsinstallationer-logicenters-vaxlar-upp-sitt-hallbarhetsarbete-2\/#primaryimage","url":"https:\/\/www.logicenters.sultandev.se\/uploads\/2021\/03\/Image5_000.png","contentUrl":"https:\/\/www.logicenters.sultandev.se\/uploads\/2021\/03\/Image5_000.png","width":3593,"height":1608},{"@type":"BreadcrumbList","@id":"https:\/\/www.logicenters.sultandev.se\/sv\/rekordmanga-solcellsinstallationer-logicenters-vaxlar-upp-sitt-hallbarhetsarbete-2\/#breadcrumb","itemListElement":[{"@type":"ListItem","position":1,"name":"Home","item":"https:\/\/www.logicenters.sultandev.se\/sv\/"},{"@type":"ListItem","position":2,"name":"Rekordm\u00e5nga solcellsinstallationer: Logicenters v\u00e4xlar upp sitt h\u00e5llbarhetsarbete"}]},{"@type":"WebSite","@id":"https:\/\/logicenters.sultandev.se\/#website","url":"https:\/\/logicenters.sultandev.se\/","name":"Logicenters","description":"The leader of modern logistics properties in the nordics","publisher":{"@id":"https:\/\/logicenters.sultandev.se\/#organization"},"potentialAction":[{"@type":"SearchAction","target":{"@type":"EntryPoint","urlTemplate":"https:\/\/logicenters.sultandev.se\/?s={search_term_string}"},"query-input":{"@type":"PropertyValueSpecification","valueRequired":true,"valueName":"search_term_string"}}],"inLanguage":"sv-SE"},{"@type":"Organization","@id":"https:\/\/logicenters.sultandev.se\/#organization","name":"Logicenters","url":"https:\/\/logicenters.sultandev.se\/","logo":{"@type":"ImageObject","inLanguage":"sv-SE","@id":"https:\/\/logicenters.sultandev.se\/#\/schema\/logo\/image\/","url":"https:\/\/logicenters.sultandev.se\/uploads\/2024\/10\/LOGGA.png","contentUrl":"https:\/\/logicenters.sultandev.se\/uploads\/2024\/10\/LOGGA.png","width":600,"height":74,"caption":"Logicenters"},"image":{"@id":"https:\/\/logicenters.sultandev.se\/#\/schema\/logo\/image\/"},"sameAs":["https:\/\/www.linkedin.com\/company\/logicenters\/yoast"]},{"@type":"Person","@id":"https:\/\/logicenters.sultandev.se\/#\/schema\/person\/9b632017c5e14ed98b2969061daa033b","name":"Johan Ahlstrand"}]}},"_links":{"self":[{"href":"https:\/\/www.logicenters.sultandev.se\/sv\/wp-json\/wp\/v2\/posts\/15622","targetHints":{"allow":["GET"]}}],"collection":[{"href":"https:\/\/www.logicenters.sultandev.se\/sv\/wp-json\/wp\/v2\/posts"}],"about":[{"href":"https:\/\/www.logicenters.sultandev.se\/sv\/wp-json\/wp\/v2\/types\/post"}],"author":[{"embeddable":true,"href":"https:\/\/www.logicenters.sultandev.se\/sv\/wp-json\/wp\/v2\/users\/3"}],"replies":[{"embeddable":true,"href":"https:\/\/www.logicenters.sultandev.se\/sv\/wp-json\/wp\/v2\/comments?post=15622"}],"version-history":[{"count":1,"href":"https:\/\/www.logicenters.sultandev.se\/sv\/wp-json\/wp\/v2\/posts\/15622\/revisions"}],"predecessor-version":[{"id":15623,"href":"https:\/\/www.logicenters.sultandev.se\/sv\/wp-json\/wp\/v2\/posts\/15622\/revisions\/15623"}],"wp:featuredmedia":[{"embeddable":true,"href":"https:\/\/www.logicenters.sultandev.se\/sv\/wp-json\/wp\/v2\/media\/15571"}],"wp:attachment":[{"href":"https:\/\/www.logicenters.sultandev.se\/sv\/wp-json\/wp\/v2\/media?parent=15622"}],"wp:term":[{"taxonomy":"category","embeddable":true,"href":"https:\/\/www.logicenters.sultandev.se\/sv\/wp-json\/wp\/v2\/categories?post=15622"},{"taxonomy":"post_tag","embeddable":true,"href":"https:\/\/www.logicenters.sultandev.se\/sv\/wp-json\/wp\/v2\/tags?post=15622"}],"curies":[{"name":"wp","href":"https:\/\/api.w.org\/{rel}","templated":true}]}}