{"id":15263,"date":"2021-02-23T10:35:42","date_gmt":"2021-02-23T10:35:42","guid":{"rendered":"http:\/\/logicenters.sultandev.se\/?p=15263"},"modified":"2021-02-23T10:37:35","modified_gmt":"2021-02-23T10:37:35","slug":"logicenters-skriver-avtal-med-nagel-group-i-landskrona","status":"publish","type":"post","link":"https:\/\/www.logicenters.sultandev.se\/sv\/logicenters-skriver-avtal-med-nagel-group-i-landskrona\/","title":{"rendered":"Logicenters skriver avtal med Nagel-Group i Landskrona"},"content":{"rendered":"<p><strong>Nu ska Europas st\u00f6rsta logistikf\u00f6retag inom livsmedel Nagel-Group flytta in i Logicenters anl\u00e4ggning i Landskrona, Sk\u00e5ne. Det st\u00e5r klart n\u00e4r parterna skrivit ett 15-\u00e5rigt hyresavtal avseende en 12\u00a0000 m<sup>2 <\/sup>stor yta i Logicenters befintliga fastighet. Nagel-Groups inflytt ber\u00e4knas ske under den senare delen av sommaren i \u00e5r.<\/strong><\/p>\n<p>Under 2020 f\u00e4rdigst\u00e4lldes Logicenters moderna logistikanl\u00e4ggning Kronan 1, bel\u00e4gen p\u00e5 adressen \u00d6rjaleden i Kronan f\u00f6retagspark i Landskrona. Nu har logistikfastighetsakt\u00f6ren tecknat ett hyresavtal med det tyska livsmedelslogistikf\u00f6retaget Nagel-Group avseende en yta om cirka 12\u00a0000 m<sup>2<\/sup> av fastigheten som \u00e4r totalt ungef\u00e4r 24\u00a0000 m<sup>2 <\/sup>stor. Sunclass Airlines ApS har sedan fastighetens f\u00e4rdigst\u00e4llande varit verksamma i den andra delen av fastigheten.<\/p>\n<p><em>\u201d<\/em><em>Vi <\/em><em>vill varmt v\u00e4lkomna Nagel-Group till v\u00e5r moderna fastighet i Landskrona. Vi \u00e4r \u00f6vertygade om att anl\u00e4ggningens strategiska l\u00e4ge l\u00e4mpar sig perfekt f\u00f6r deras verksamhet, med goda kommunikationer till hela s\u00f6dra Sverige och norra Europa. Jag vill tacka b\u00e5de Nagel-Group och kommunen f\u00f6r det goda samarbetet och ser fram emot ett l\u00e5ngsiktigt partnerskap med b\u00e5da akt\u00f6rer<\/em><em>\u201d,<\/em> s\u00e4ger Matthias Kettelhoit, Head of Logicenters.<\/p>\n<p>Inf\u00f6r Nagel-Groups inflytt, som planeras ske i b\u00f6rjan september, ska logistikanl\u00e4ggningen utrustas ytterligare f\u00f6r att m\u00f6ta f\u00f6retagets behov. Bland annat kommer Logicenters att addera ytterligare portar till fastigheten, en extra k\u00f6rg\u00e5rd samt tillhandah\u00e5lla ytor f\u00f6r kyl- och frysvaror. Vidare finns det \u00e4ven m\u00f6jlighet att installera solceller p\u00e5 taket, n\u00e5got som g\u00e5r i linje med Logicenters ambiti\u00f6sa h\u00e5llbarhetsarbete.<\/p>\n<p><em>\u201d<\/em><em>Vi ser fram emot att flytta in i v\u00e5r nya logistikanl\u00e4ggning som dessutom bef\u00e4ster v\u00e5r n\u00e4rvaro i norra Europa. Jag vill tacka Logicenters f\u00f6r ett gott samarbete d\u00e4r de har varit v\u00e4ldigt m\u00e5na om att uppfylla v\u00e5ra h\u00f6ga logistiska krav och mer d\u00e4rtill<\/em><em>\u201d,<\/em> s\u00e4ger Hans-Joachim Brockmeyer, Managing Director Nagel Nordics.<\/p>\n<p><em>\u201dVi h\u00e4lsar Nagel-Group v\u00e4lkomna till Landskrona. Denna etablering \u00e4r ytterligare ett bevis p\u00e5 f\u00f6rdelarna med Landskronas strategiska l\u00e4ge mitt i en expansiv region\u201d,<\/em> s\u00e4ger Torkild Strandberg, kommunstyrelsens ordf\u00f6rande i Landskrona stad.<\/p>\n","protected":false},"excerpt":{"rendered":"<p>Nu ska Europas st\u00f6rsta logistikf\u00f6retag inom livsmedel Nagel-Group flytta in i Logicenters anl\u00e4ggning i Landskrona, Sk\u00e5ne&#8230;.<\/p>\n","protected":false},"author":6,"featured_media":0,"comment_status":"closed","ping_status":"closed","sticky":false,"template":"","format":"standard","meta":{"_acf_changed":false,"footnotes":""},"categories":[88,214,213,215,81],"tags":[],"class_list":["post-15263","post","type-post","status-publish","format-standard","hentry","category-landskrona-sv","category-nyheter","category-press-sv","category-sustainability-sv","category-sverige"],"acf":[],"yoast_head":"<!-- This site is optimized with the Yoast SEO plugin v23.8 - https:\/\/yoast.com\/wordpress\/plugins\/seo\/ -->\n<title>Logicenters skriver avtal med Nagel-Group i Landskrona &#8211; Logicenters<\/title>\n<meta name=\"robots\" content=\"noindex, follow, max-snippet:-1, max-image-preview:large, max-video-preview:-1\" \/>\n<meta property=\"og:locale\" content=\"sv_SE\" \/>\n<meta property=\"og:type\" content=\"article\" \/>\n<meta property=\"og:title\" content=\"Logicenters skriver avtal med Nagel-Group i Landskrona &#8211; Logicenters\" \/>\n<meta property=\"og:description\" content=\"Nu ska Europas st\u00f6rsta logistikf\u00f6retag inom livsmedel Nagel-Group flytta in i Logicenters anl\u00e4ggning i Landskrona, Sk\u00e5ne....\" \/>\n<meta property=\"og:url\" content=\"https:\/\/www.logicenters.sultandev.se\/sv\/logicenters-skriver-avtal-med-nagel-group-i-landskrona\/\" \/>\n<meta property=\"og:site_name\" content=\"Logicenters\" \/>\n<meta property=\"article:published_time\" content=\"2021-02-23T10:35:42+00:00\" \/>\n<meta property=\"article:modified_time\" content=\"2021-02-23T10:37:35+00:00\" \/>\n<meta name=\"author\" content=\"Anna Hillinge\" \/>\n<meta name=\"twitter:card\" content=\"summary_large_image\" \/>\n<meta name=\"twitter:label1\" content=\"Written by\" \/>\n\t<meta name=\"twitter:data1\" content=\"Anna Hillinge\" \/>\n\t<meta name=\"twitter:label2\" content=\"Est. reading time\" \/>\n\t<meta name=\"twitter:data2\" content=\"2 minutes\" \/>\n<script type=\"application\/ld+json\" class=\"yoast-schema-graph\">{\"@context\":\"https:\/\/schema.org\",\"@graph\":[{\"@type\":\"Article\",\"@id\":\"https:\/\/www.logicenters.sultandev.se\/sv\/logicenters-skriver-avtal-med-nagel-group-i-landskrona\/#article\",\"isPartOf\":{\"@id\":\"https:\/\/www.logicenters.sultandev.se\/sv\/logicenters-skriver-avtal-med-nagel-group-i-landskrona\/\"},\"author\":{\"name\":\"Anna Hillinge\",\"@id\":\"https:\/\/logicenters.sultandev.se\/#\/schema\/person\/59aec831e47c8441d1a6e71b09d14421\"},\"headline\":\"Logicenters skriver avtal med Nagel-Group i Landskrona\",\"datePublished\":\"2021-02-23T10:35:42+00:00\",\"dateModified\":\"2021-02-23T10:37:35+00:00\",\"mainEntityOfPage\":{\"@id\":\"https:\/\/www.logicenters.sultandev.se\/sv\/logicenters-skriver-avtal-med-nagel-group-i-landskrona\/\"},\"wordCount\":373,\"publisher\":{\"@id\":\"https:\/\/logicenters.sultandev.se\/#organization\"},\"articleSection\":[\"Landskrona\",\"Nyheter\",\"Press\",\"Sustainability\",\"Sverige\"],\"inLanguage\":\"sv-SE\"},{\"@type\":\"WebPage\",\"@id\":\"https:\/\/www.logicenters.sultandev.se\/sv\/logicenters-skriver-avtal-med-nagel-group-i-landskrona\/\",\"url\":\"https:\/\/www.logicenters.sultandev.se\/sv\/logicenters-skriver-avtal-med-nagel-group-i-landskrona\/\",\"name\":\"Logicenters skriver avtal med Nagel-Group i Landskrona &#8211; Logicenters\",\"isPartOf\":{\"@id\":\"https:\/\/logicenters.sultandev.se\/#website\"},\"datePublished\":\"2021-02-23T10:35:42+00:00\",\"dateModified\":\"2021-02-23T10:37:35+00:00\",\"breadcrumb\":{\"@id\":\"https:\/\/www.logicenters.sultandev.se\/sv\/logicenters-skriver-avtal-med-nagel-group-i-landskrona\/#breadcrumb\"},\"inLanguage\":\"sv-SE\",\"potentialAction\":[{\"@type\":\"ReadAction\",\"target\":[\"https:\/\/www.logicenters.sultandev.se\/sv\/logicenters-skriver-avtal-med-nagel-group-i-landskrona\/\"]}]},{\"@type\":\"BreadcrumbList\",\"@id\":\"https:\/\/www.logicenters.sultandev.se\/sv\/logicenters-skriver-avtal-med-nagel-group-i-landskrona\/#breadcrumb\",\"itemListElement\":[{\"@type\":\"ListItem\",\"position\":1,\"name\":\"Home\",\"item\":\"https:\/\/www.logicenters.sultandev.se\/sv\/\"},{\"@type\":\"ListItem\",\"position\":2,\"name\":\"Logicenters skriver avtal med Nagel-Group i Landskrona\"}]},{\"@type\":\"WebSite\",\"@id\":\"https:\/\/logicenters.sultandev.se\/#website\",\"url\":\"https:\/\/logicenters.sultandev.se\/\",\"name\":\"Logicenters\",\"description\":\"The leader of modern logistics properties in the nordics\",\"publisher\":{\"@id\":\"https:\/\/logicenters.sultandev.se\/#organization\"},\"potentialAction\":[{\"@type\":\"SearchAction\",\"target\":{\"@type\":\"EntryPoint\",\"urlTemplate\":\"https:\/\/logicenters.sultandev.se\/?s={search_term_string}\"},\"query-input\":{\"@type\":\"PropertyValueSpecification\",\"valueRequired\":true,\"valueName\":\"search_term_string\"}}],\"inLanguage\":\"sv-SE\"},{\"@type\":\"Organization\",\"@id\":\"https:\/\/logicenters.sultandev.se\/#organization\",\"name\":\"Logicenters\",\"url\":\"https:\/\/logicenters.sultandev.se\/\",\"logo\":{\"@type\":\"ImageObject\",\"inLanguage\":\"sv-SE\",\"@id\":\"https:\/\/logicenters.sultandev.se\/#\/schema\/logo\/image\/\",\"url\":\"https:\/\/logicenters.sultandev.se\/uploads\/2024\/10\/LOGGA.png\",\"contentUrl\":\"https:\/\/logicenters.sultandev.se\/uploads\/2024\/10\/LOGGA.png\",\"width\":600,\"height\":74,\"caption\":\"Logicenters\"},\"image\":{\"@id\":\"https:\/\/logicenters.sultandev.se\/#\/schema\/logo\/image\/\"},\"sameAs\":[\"https:\/\/www.linkedin.com\/company\/logicenters\/yoast\"]},{\"@type\":\"Person\",\"@id\":\"https:\/\/logicenters.sultandev.se\/#\/schema\/person\/59aec831e47c8441d1a6e71b09d14421\",\"name\":\"Anna Hillinge\"}]}<\/script>\n<!-- \/ Yoast SEO plugin. -->","yoast_head_json":{"title":"Logicenters skriver avtal med Nagel-Group i Landskrona &#8211; Logicenters","robots":{"index":"noindex","follow":"follow","max-snippet":"max-snippet:-1","max-image-preview":"max-image-preview:large","max-video-preview":"max-video-preview:-1"},"og_locale":"sv_SE","og_type":"article","og_title":"Logicenters skriver avtal med Nagel-Group i Landskrona &#8211; Logicenters","og_description":"Nu ska Europas st\u00f6rsta logistikf\u00f6retag inom livsmedel Nagel-Group flytta in i Logicenters anl\u00e4ggning i Landskrona, Sk\u00e5ne....","og_url":"https:\/\/www.logicenters.sultandev.se\/sv\/logicenters-skriver-avtal-med-nagel-group-i-landskrona\/","og_site_name":"Logicenters","article_published_time":"2021-02-23T10:35:42+00:00","article_modified_time":"2021-02-23T10:37:35+00:00","author":"Anna Hillinge","twitter_card":"summary_large_image","twitter_misc":{"Written by":"Anna Hillinge","Est. reading time":"2 minutes"},"schema":{"@context":"https:\/\/schema.org","@graph":[{"@type":"Article","@id":"https:\/\/www.logicenters.sultandev.se\/sv\/logicenters-skriver-avtal-med-nagel-group-i-landskrona\/#article","isPartOf":{"@id":"https:\/\/www.logicenters.sultandev.se\/sv\/logicenters-skriver-avtal-med-nagel-group-i-landskrona\/"},"author":{"name":"Anna Hillinge","@id":"https:\/\/logicenters.sultandev.se\/#\/schema\/person\/59aec831e47c8441d1a6e71b09d14421"},"headline":"Logicenters skriver avtal med Nagel-Group i Landskrona","datePublished":"2021-02-23T10:35:42+00:00","dateModified":"2021-02-23T10:37:35+00:00","mainEntityOfPage":{"@id":"https:\/\/www.logicenters.sultandev.se\/sv\/logicenters-skriver-avtal-med-nagel-group-i-landskrona\/"},"wordCount":373,"publisher":{"@id":"https:\/\/logicenters.sultandev.se\/#organization"},"articleSection":["Landskrona","Nyheter","Press","Sustainability","Sverige"],"inLanguage":"sv-SE"},{"@type":"WebPage","@id":"https:\/\/www.logicenters.sultandev.se\/sv\/logicenters-skriver-avtal-med-nagel-group-i-landskrona\/","url":"https:\/\/www.logicenters.sultandev.se\/sv\/logicenters-skriver-avtal-med-nagel-group-i-landskrona\/","name":"Logicenters skriver avtal med Nagel-Group i Landskrona &#8211; Logicenters","isPartOf":{"@id":"https:\/\/logicenters.sultandev.se\/#website"},"datePublished":"2021-02-23T10:35:42+00:00","dateModified":"2021-02-23T10:37:35+00:00","breadcrumb":{"@id":"https:\/\/www.logicenters.sultandev.se\/sv\/logicenters-skriver-avtal-med-nagel-group-i-landskrona\/#breadcrumb"},"inLanguage":"sv-SE","potentialAction":[{"@type":"ReadAction","target":["https:\/\/www.logicenters.sultandev.se\/sv\/logicenters-skriver-avtal-med-nagel-group-i-landskrona\/"]}]},{"@type":"BreadcrumbList","@id":"https:\/\/www.logicenters.sultandev.se\/sv\/logicenters-skriver-avtal-med-nagel-group-i-landskrona\/#breadcrumb","itemListElement":[{"@type":"ListItem","position":1,"name":"Home","item":"https:\/\/www.logicenters.sultandev.se\/sv\/"},{"@type":"ListItem","position":2,"name":"Logicenters skriver avtal med Nagel-Group i Landskrona"}]},{"@type":"WebSite","@id":"https:\/\/logicenters.sultandev.se\/#website","url":"https:\/\/logicenters.sultandev.se\/","name":"Logicenters","description":"The leader of modern logistics properties in the nordics","publisher":{"@id":"https:\/\/logicenters.sultandev.se\/#organization"},"potentialAction":[{"@type":"SearchAction","target":{"@type":"EntryPoint","urlTemplate":"https:\/\/logicenters.sultandev.se\/?s={search_term_string}"},"query-input":{"@type":"PropertyValueSpecification","valueRequired":true,"valueName":"search_term_string"}}],"inLanguage":"sv-SE"},{"@type":"Organization","@id":"https:\/\/logicenters.sultandev.se\/#organization","name":"Logicenters","url":"https:\/\/logicenters.sultandev.se\/","logo":{"@type":"ImageObject","inLanguage":"sv-SE","@id":"https:\/\/logicenters.sultandev.se\/#\/schema\/logo\/image\/","url":"https:\/\/logicenters.sultandev.se\/uploads\/2024\/10\/LOGGA.png","contentUrl":"https:\/\/logicenters.sultandev.se\/uploads\/2024\/10\/LOGGA.png","width":600,"height":74,"caption":"Logicenters"},"image":{"@id":"https:\/\/logicenters.sultandev.se\/#\/schema\/logo\/image\/"},"sameAs":["https:\/\/www.linkedin.com\/company\/logicenters\/yoast"]},{"@type":"Person","@id":"https:\/\/logicenters.sultandev.se\/#\/schema\/person\/59aec831e47c8441d1a6e71b09d14421","name":"Anna Hillinge"}]}},"_links":{"self":[{"href":"https:\/\/www.logicenters.sultandev.se\/sv\/wp-json\/wp\/v2\/posts\/15263","targetHints":{"allow":["GET"]}}],"collection":[{"href":"https:\/\/www.logicenters.sultandev.se\/sv\/wp-json\/wp\/v2\/posts"}],"about":[{"href":"https:\/\/www.logicenters.sultandev.se\/sv\/wp-json\/wp\/v2\/types\/post"}],"author":[{"embeddable":true,"href":"https:\/\/www.logicenters.sultandev.se\/sv\/wp-json\/wp\/v2\/users\/6"}],"replies":[{"embeddable":true,"href":"https:\/\/www.logicenters.sultandev.se\/sv\/wp-json\/wp\/v2\/comments?post=15263"}],"version-history":[{"count":1,"href":"https:\/\/www.logicenters.sultandev.se\/sv\/wp-json\/wp\/v2\/posts\/15263\/revisions"}],"predecessor-version":[{"id":15264,"href":"https:\/\/www.logicenters.sultandev.se\/sv\/wp-json\/wp\/v2\/posts\/15263\/revisions\/15264"}],"wp:attachment":[{"href":"https:\/\/www.logicenters.sultandev.se\/sv\/wp-json\/wp\/v2\/media?parent=15263"}],"wp:term":[{"taxonomy":"category","embeddable":true,"href":"https:\/\/www.logicenters.sultandev.se\/sv\/wp-json\/wp\/v2\/categories?post=15263"},{"taxonomy":"post_tag","embeddable":true,"href":"https:\/\/www.logicenters.sultandev.se\/sv\/wp-json\/wp\/v2\/tags?post=15263"}],"curies":[{"name":"wp","href":"https:\/\/api.w.org\/{rel}","templated":true}]}}