{"id":15185,"date":"2021-01-27T13:32:24","date_gmt":"2021-01-27T13:32:24","guid":{"rendered":"http:\/\/logicenters.sultandev.se\/?p=15185"},"modified":"2021-01-27T13:34:06","modified_gmt":"2021-01-27T13:34:06","slug":"bufab-finland-oy-till-logicenters","status":"publish","type":"post","link":"https:\/\/www.logicenters.sultandev.se\/sv\/bufab-finland-oy-till-logicenters\/","title":{"rendered":"Bufab Finland Oy till Logicenters"},"content":{"rendered":"<p><strong>Nu har det globala handelsf\u00f6retaget, Bufab Finland Oy, flyttat in i Logicenters fastighet i Kerava, strax utanf\u00f6r Helsingfors. Det l\u00e5nga hyresavtalet g\u00e4ller en 5 000 m<sup>2<\/sup> stor logistikfastighet och \u00e4ven 750 m<sup>2 <\/sup>kontorsyta.<\/strong><\/p>\n<p>Den marknadsledande leverant\u00f6ren av komponenter till den globala tillverkningsindustrin, Bufab Finland Oy, har nu skrivit ett l\u00e5ngt hyresavtal med Logicenters. Hyresavtalet g\u00e4ller totalt 5 750 m<sup>2<\/sup> av logistikfastighetsakt\u00f6rens moderna logistikfastighet i finska Kerava, strax utanf\u00f6r Helsingfors, d\u00e4r 5\u00a0000 m<sup>2 <\/sup>avser lageryta och resterande 750 m<sup>2<\/sup> blir f\u00f6retagets finska huvudkontor.<\/p>\n<p><em>\u201dDet \u00e4r v\u00e4ldigt gl\u00e4djande att vi kan st\u00f6tta Bufab i deras tillv\u00e4xtresa och att de har valt att flyttat in hos oss i Kerava. Vi har sedan tidigare ett gott samarbete i Vantaa, d\u00e4r Bufab tidigare var v\u00e5r hyresg\u00e4st. D\u00e4rf\u00f6r \u00e4r det extra roligt att \u00e5terigen f\u00e5 kroka arm och vi vill varmt v\u00e4lkomna dem till deras nya logistikfastighet\u201d, <\/em>s\u00e4ger Jarkko \u00c4ik\u00e4\u00e4, Commercial Director, Logicenters Finland.<\/p>\n<p>Geografiskt \u00e4r Kerava optimalt bel\u00e4get f\u00f6r logistikverksamhet och \u00e4r en strategiskt viktig plats i Helsingforsregionen. Med n\u00e4rhet till t\u00e5gstationen Savio finns \u00e4ven goda pendlingsm\u00f6jligheter till och fr\u00e5n Helsingfors.<\/p>\n<p><em>\u201dDet k\u00e4nns mycket roligt att vi nu har flyttat in i v\u00e5r nya, moderna fastighet i Kerava. Fastigheten \u00e4r bel\u00e4gen i ett attraktivt omr\u00e5de som erbjuder goda transportm\u00f6jligheter vilket \u00e4r n\u00e5got vi v\u00e4rdes\u00e4tter h\u00f6gt. Vi vill \u00e4ven tacka Logicenters f\u00f6r ett gott samarbete\u201d, <\/em>s\u00e4ger Juha Kankaanp\u00e4\u00e4, vd p\u00e5 Bufab Finland Oy.<\/p>\n","protected":false},"excerpt":{"rendered":"<p>Nu har det globala handelsf\u00f6retaget, Bufab Finland Oy, flyttat in i Logicenters fastighet i Kerava, strax&#8230;<\/p>\n","protected":false},"author":6,"featured_media":0,"comment_status":"closed","ping_status":"closed","sticky":false,"template":"","format":"standard","meta":{"_acf_changed":false,"footnotes":""},"categories":[79,238,214,213],"tags":[],"class_list":["post-15185","post","type-post","status-publish","format-standard","hentry","category-finland-sv","category-kerava-sv","category-nyheter","category-press-sv"],"acf":[],"yoast_head":"<!-- This site is optimized with the Yoast SEO plugin v23.8 - https:\/\/yoast.com\/wordpress\/plugins\/seo\/ -->\n<title>Bufab Finland Oy till Logicenters &#8211; Logicenters<\/title>\n<meta name=\"robots\" content=\"noindex, follow, max-snippet:-1, max-image-preview:large, max-video-preview:-1\" \/>\n<meta property=\"og:locale\" content=\"sv_SE\" \/>\n<meta property=\"og:type\" content=\"article\" \/>\n<meta property=\"og:title\" content=\"Bufab Finland Oy till Logicenters &#8211; Logicenters\" \/>\n<meta property=\"og:description\" content=\"Nu har det globala handelsf\u00f6retaget, Bufab Finland Oy, flyttat in i Logicenters fastighet i Kerava, strax...\" \/>\n<meta property=\"og:url\" content=\"https:\/\/www.logicenters.sultandev.se\/sv\/bufab-finland-oy-till-logicenters\/\" \/>\n<meta property=\"og:site_name\" content=\"Logicenters\" \/>\n<meta property=\"article:published_time\" content=\"2021-01-27T13:32:24+00:00\" \/>\n<meta property=\"article:modified_time\" content=\"2021-01-27T13:34:06+00:00\" \/>\n<meta name=\"author\" content=\"Anna Hillinge\" \/>\n<meta name=\"twitter:card\" content=\"summary_large_image\" \/>\n<meta name=\"twitter:label1\" content=\"Written by\" \/>\n\t<meta name=\"twitter:data1\" content=\"Anna Hillinge\" \/>\n\t<meta name=\"twitter:label2\" content=\"Est. reading time\" \/>\n\t<meta name=\"twitter:data2\" content=\"1 minute\" \/>\n<script type=\"application\/ld+json\" class=\"yoast-schema-graph\">{\"@context\":\"https:\/\/schema.org\",\"@graph\":[{\"@type\":\"Article\",\"@id\":\"https:\/\/www.logicenters.sultandev.se\/sv\/bufab-finland-oy-till-logicenters\/#article\",\"isPartOf\":{\"@id\":\"https:\/\/www.logicenters.sultandev.se\/sv\/bufab-finland-oy-till-logicenters\/\"},\"author\":{\"name\":\"Anna Hillinge\",\"@id\":\"https:\/\/logicenters.sultandev.se\/#\/schema\/person\/59aec831e47c8441d1a6e71b09d14421\"},\"headline\":\"Bufab Finland Oy till Logicenters\",\"datePublished\":\"2021-01-27T13:32:24+00:00\",\"dateModified\":\"2021-01-27T13:34:06+00:00\",\"mainEntityOfPage\":{\"@id\":\"https:\/\/www.logicenters.sultandev.se\/sv\/bufab-finland-oy-till-logicenters\/\"},\"wordCount\":264,\"publisher\":{\"@id\":\"https:\/\/logicenters.sultandev.se\/#organization\"},\"articleSection\":[\"Finland\",\"Kerava\",\"Nyheter\",\"Press\"],\"inLanguage\":\"sv-SE\"},{\"@type\":\"WebPage\",\"@id\":\"https:\/\/www.logicenters.sultandev.se\/sv\/bufab-finland-oy-till-logicenters\/\",\"url\":\"https:\/\/www.logicenters.sultandev.se\/sv\/bufab-finland-oy-till-logicenters\/\",\"name\":\"Bufab Finland Oy till Logicenters &#8211; Logicenters\",\"isPartOf\":{\"@id\":\"https:\/\/logicenters.sultandev.se\/#website\"},\"datePublished\":\"2021-01-27T13:32:24+00:00\",\"dateModified\":\"2021-01-27T13:34:06+00:00\",\"breadcrumb\":{\"@id\":\"https:\/\/www.logicenters.sultandev.se\/sv\/bufab-finland-oy-till-logicenters\/#breadcrumb\"},\"inLanguage\":\"sv-SE\",\"potentialAction\":[{\"@type\":\"ReadAction\",\"target\":[\"https:\/\/www.logicenters.sultandev.se\/sv\/bufab-finland-oy-till-logicenters\/\"]}]},{\"@type\":\"BreadcrumbList\",\"@id\":\"https:\/\/www.logicenters.sultandev.se\/sv\/bufab-finland-oy-till-logicenters\/#breadcrumb\",\"itemListElement\":[{\"@type\":\"ListItem\",\"position\":1,\"name\":\"Home\",\"item\":\"https:\/\/www.logicenters.sultandev.se\/sv\/\"},{\"@type\":\"ListItem\",\"position\":2,\"name\":\"Bufab Finland Oy till Logicenters\"}]},{\"@type\":\"WebSite\",\"@id\":\"https:\/\/logicenters.sultandev.se\/#website\",\"url\":\"https:\/\/logicenters.sultandev.se\/\",\"name\":\"Logicenters\",\"description\":\"The leader of modern logistics properties in the nordics\",\"publisher\":{\"@id\":\"https:\/\/logicenters.sultandev.se\/#organization\"},\"potentialAction\":[{\"@type\":\"SearchAction\",\"target\":{\"@type\":\"EntryPoint\",\"urlTemplate\":\"https:\/\/logicenters.sultandev.se\/?s={search_term_string}\"},\"query-input\":{\"@type\":\"PropertyValueSpecification\",\"valueRequired\":true,\"valueName\":\"search_term_string\"}}],\"inLanguage\":\"sv-SE\"},{\"@type\":\"Organization\",\"@id\":\"https:\/\/logicenters.sultandev.se\/#organization\",\"name\":\"Logicenters\",\"url\":\"https:\/\/logicenters.sultandev.se\/\",\"logo\":{\"@type\":\"ImageObject\",\"inLanguage\":\"sv-SE\",\"@id\":\"https:\/\/logicenters.sultandev.se\/#\/schema\/logo\/image\/\",\"url\":\"https:\/\/logicenters.sultandev.se\/uploads\/2024\/10\/LOGGA.png\",\"contentUrl\":\"https:\/\/logicenters.sultandev.se\/uploads\/2024\/10\/LOGGA.png\",\"width\":600,\"height\":74,\"caption\":\"Logicenters\"},\"image\":{\"@id\":\"https:\/\/logicenters.sultandev.se\/#\/schema\/logo\/image\/\"},\"sameAs\":[\"https:\/\/www.linkedin.com\/company\/logicenters\/yoast\"]},{\"@type\":\"Person\",\"@id\":\"https:\/\/logicenters.sultandev.se\/#\/schema\/person\/59aec831e47c8441d1a6e71b09d14421\",\"name\":\"Anna Hillinge\"}]}<\/script>\n<!-- \/ Yoast SEO plugin. -->","yoast_head_json":{"title":"Bufab Finland Oy till Logicenters &#8211; Logicenters","robots":{"index":"noindex","follow":"follow","max-snippet":"max-snippet:-1","max-image-preview":"max-image-preview:large","max-video-preview":"max-video-preview:-1"},"og_locale":"sv_SE","og_type":"article","og_title":"Bufab Finland Oy till Logicenters &#8211; Logicenters","og_description":"Nu har det globala handelsf\u00f6retaget, Bufab Finland Oy, flyttat in i Logicenters fastighet i Kerava, strax...","og_url":"https:\/\/www.logicenters.sultandev.se\/sv\/bufab-finland-oy-till-logicenters\/","og_site_name":"Logicenters","article_published_time":"2021-01-27T13:32:24+00:00","article_modified_time":"2021-01-27T13:34:06+00:00","author":"Anna Hillinge","twitter_card":"summary_large_image","twitter_misc":{"Written by":"Anna Hillinge","Est. reading time":"1 minute"},"schema":{"@context":"https:\/\/schema.org","@graph":[{"@type":"Article","@id":"https:\/\/www.logicenters.sultandev.se\/sv\/bufab-finland-oy-till-logicenters\/#article","isPartOf":{"@id":"https:\/\/www.logicenters.sultandev.se\/sv\/bufab-finland-oy-till-logicenters\/"},"author":{"name":"Anna Hillinge","@id":"https:\/\/logicenters.sultandev.se\/#\/schema\/person\/59aec831e47c8441d1a6e71b09d14421"},"headline":"Bufab Finland Oy till Logicenters","datePublished":"2021-01-27T13:32:24+00:00","dateModified":"2021-01-27T13:34:06+00:00","mainEntityOfPage":{"@id":"https:\/\/www.logicenters.sultandev.se\/sv\/bufab-finland-oy-till-logicenters\/"},"wordCount":264,"publisher":{"@id":"https:\/\/logicenters.sultandev.se\/#organization"},"articleSection":["Finland","Kerava","Nyheter","Press"],"inLanguage":"sv-SE"},{"@type":"WebPage","@id":"https:\/\/www.logicenters.sultandev.se\/sv\/bufab-finland-oy-till-logicenters\/","url":"https:\/\/www.logicenters.sultandev.se\/sv\/bufab-finland-oy-till-logicenters\/","name":"Bufab Finland Oy till Logicenters &#8211; Logicenters","isPartOf":{"@id":"https:\/\/logicenters.sultandev.se\/#website"},"datePublished":"2021-01-27T13:32:24+00:00","dateModified":"2021-01-27T13:34:06+00:00","breadcrumb":{"@id":"https:\/\/www.logicenters.sultandev.se\/sv\/bufab-finland-oy-till-logicenters\/#breadcrumb"},"inLanguage":"sv-SE","potentialAction":[{"@type":"ReadAction","target":["https:\/\/www.logicenters.sultandev.se\/sv\/bufab-finland-oy-till-logicenters\/"]}]},{"@type":"BreadcrumbList","@id":"https:\/\/www.logicenters.sultandev.se\/sv\/bufab-finland-oy-till-logicenters\/#breadcrumb","itemListElement":[{"@type":"ListItem","position":1,"name":"Home","item":"https:\/\/www.logicenters.sultandev.se\/sv\/"},{"@type":"ListItem","position":2,"name":"Bufab Finland Oy till Logicenters"}]},{"@type":"WebSite","@id":"https:\/\/logicenters.sultandev.se\/#website","url":"https:\/\/logicenters.sultandev.se\/","name":"Logicenters","description":"The leader of modern logistics properties in the nordics","publisher":{"@id":"https:\/\/logicenters.sultandev.se\/#organization"},"potentialAction":[{"@type":"SearchAction","target":{"@type":"EntryPoint","urlTemplate":"https:\/\/logicenters.sultandev.se\/?s={search_term_string}"},"query-input":{"@type":"PropertyValueSpecification","valueRequired":true,"valueName":"search_term_string"}}],"inLanguage":"sv-SE"},{"@type":"Organization","@id":"https:\/\/logicenters.sultandev.se\/#organization","name":"Logicenters","url":"https:\/\/logicenters.sultandev.se\/","logo":{"@type":"ImageObject","inLanguage":"sv-SE","@id":"https:\/\/logicenters.sultandev.se\/#\/schema\/logo\/image\/","url":"https:\/\/logicenters.sultandev.se\/uploads\/2024\/10\/LOGGA.png","contentUrl":"https:\/\/logicenters.sultandev.se\/uploads\/2024\/10\/LOGGA.png","width":600,"height":74,"caption":"Logicenters"},"image":{"@id":"https:\/\/logicenters.sultandev.se\/#\/schema\/logo\/image\/"},"sameAs":["https:\/\/www.linkedin.com\/company\/logicenters\/yoast"]},{"@type":"Person","@id":"https:\/\/logicenters.sultandev.se\/#\/schema\/person\/59aec831e47c8441d1a6e71b09d14421","name":"Anna Hillinge"}]}},"_links":{"self":[{"href":"https:\/\/www.logicenters.sultandev.se\/sv\/wp-json\/wp\/v2\/posts\/15185","targetHints":{"allow":["GET"]}}],"collection":[{"href":"https:\/\/www.logicenters.sultandev.se\/sv\/wp-json\/wp\/v2\/posts"}],"about":[{"href":"https:\/\/www.logicenters.sultandev.se\/sv\/wp-json\/wp\/v2\/types\/post"}],"author":[{"embeddable":true,"href":"https:\/\/www.logicenters.sultandev.se\/sv\/wp-json\/wp\/v2\/users\/6"}],"replies":[{"embeddable":true,"href":"https:\/\/www.logicenters.sultandev.se\/sv\/wp-json\/wp\/v2\/comments?post=15185"}],"version-history":[{"count":1,"href":"https:\/\/www.logicenters.sultandev.se\/sv\/wp-json\/wp\/v2\/posts\/15185\/revisions"}],"predecessor-version":[{"id":15186,"href":"https:\/\/www.logicenters.sultandev.se\/sv\/wp-json\/wp\/v2\/posts\/15185\/revisions\/15186"}],"wp:attachment":[{"href":"https:\/\/www.logicenters.sultandev.se\/sv\/wp-json\/wp\/v2\/media?parent=15185"}],"wp:term":[{"taxonomy":"category","embeddable":true,"href":"https:\/\/www.logicenters.sultandev.se\/sv\/wp-json\/wp\/v2\/categories?post=15185"},{"taxonomy":"post_tag","embeddable":true,"href":"https:\/\/www.logicenters.sultandev.se\/sv\/wp-json\/wp\/v2\/tags?post=15185"}],"curies":[{"name":"wp","href":"https:\/\/api.w.org\/{rel}","templated":true}]}}