{"id":33866,"date":"2023-08-10T08:00:12","date_gmt":"2023-08-10T08:00:12","guid":{"rendered":"http:\/\/www.logicenters.com\/?p=33866"},"modified":"2023-08-10T08:10:44","modified_gmt":"2023-08-10T08:10:44","slug":"logicenters-wzmacnia-pozycje-na-polskim-rynku-magazynowym","status":"publish","type":"post","link":"https:\/\/www.logicenters.sultandev.se\/pl\/logicenters-wzmacnia-pozycje-na-polskim-rynku-magazynowym\/","title":{"rendered":"Logicenters wzmacnia pozycj\u0119  na polskim rynku magazynowym"},"content":{"rendered":"<p><strong>Nale\u017c\u0105ca do Nrep logistyczna platforma Logicenters, przej\u0119\u0142a wi\u0119kszo\u015b\u0107 udzia\u0142\u00f3w polskiego dewelopera 7R. Inwestycja o warto\u015bci 200 mln euro zwi\u0119kszy\u0142a powierzchnie magazynowe, kt\u00f3rymi zarz\u0105dza Logicenters w sze\u015bciu europejskich krajach do 4,2 mln mkw. Transakcja wpisuje si\u0119 w strategi\u0119 biznesow\u0105 rozwoju firmy w Europie Centralnej.<\/strong><\/p>\n<p>&nbsp;<\/p>\n<p>Nrep\/Logicenters przej\u0105\u0142 80% udzia\u0142\u00f3w 7R, czyli jednego z najwi\u0119kszych deweloper\u00f3w magazynowych w Polsce. Transakcja o warto\u015bci 200 mln euro wzmocni\u0142a pozycj\u0119 Logicenters na polskim rynku magazynowym. Przej\u0119cie strategicznie zlokalizowanych magazyn\u00f3w 7R doskonale wpisuje si\u0119 w koncepcj\u0119 rozwoju Logicenters. Dzi\u0119ki temu Logicenters b\u0119dzie w stanie skierowa\u0107 swoj\u0105 ofert\u0119 do klient\u00f3w skandynawskich, prowadz\u0105cych dzia\u0142alno\u015b\u0107 tak\u017ce w Polsce.<\/p>\n<p>&nbsp;<\/p>\n<p><em>&#8220;Przej\u0119cie 7R stanowi kamie\u0144 milowy w rozwoju Logicenters, kt\u00f3ry dzi\u0119ki tej transakcji sta\u0142 si\u0119 jednym z najwi\u0119kszych deweloper\u00f3w na polskim rynku magazynowym. Rozbudowali\u015bmy tym samym ofert\u0119 skierowan\u0105 do naszych obecnych, jak i potencjalnych najemc\u00f3w. Zwi\u0119kszyli\u015bmy r\u00f3wnie\u017c portfolio posiadanych powierzchni magazynowych zlokalizowanych w sze\u015bciu europejskich krajach do 4,2 mln mkw.\u201d \u2013 <\/em>powiedzia\u0142 <strong>Matthias Kettelhoit, prezes zarz\u0105du Logicenters.<\/strong><\/p>\n<p>&nbsp;<\/p>\n<p>Nrep\/Logicenters, wraz z lokalnym zespo\u0142em w Polsce, b\u0119dzie wspiera\u0142 dalszy rozw\u00f3j 7R. Bazuj\u0105c na swoim do\u015bwiadczeniu, zwi\u0119kszy mo\u017cliwo\u015bci 7R w pozyskiwaniu, rozwijaniu i zarz\u0105dzaniu magazynami zgodnie ze standardami zr\u00f3wnowa\u017conego rozwoju, przy szczeg\u00f3lnym nacisku na redukcj\u0119 emisji CO2.<\/p>\n<p>&nbsp;<\/p>\n<p><em>&#8220;To prze\u0142omowa transakcja, zar\u00f3wno dla Logicenters, jak i dla polskiego rynku magazynowego.\u00a0 Wsp\u00f3lnie z do\u015bwiadczonym zespo\u0142em 7R stworzymy ofert\u0119 wyr\u00f3\u017cniaj\u0105c\u0105 si\u0119 jako\u015bci\u0105, z kt\u00f3rej jeste\u015bmy znani w krajach skandynawskich.&#8221; <\/em>\u2013 powiedzia\u0142 <strong>S\u00f8ren Rodian Olsen, dyrektor zarz\u0105dzaj\u0105cy <\/strong><strong>Logicenters Poland w Nrep.<\/strong><\/p>\n","protected":false},"excerpt":{"rendered":"<p>Nale\u017c\u0105ca do Nrep logistyczna platforma Logicenters, przej\u0119\u0142a wi\u0119kszo\u015b\u0107 udzia\u0142\u00f3w polskiego dewelopera 7R. Inwestycja o warto\u015bci 200&#8230;<\/p>\n","protected":false},"author":13,"featured_media":0,"comment_status":"closed","ping_status":"closed","sticky":false,"template":"","format":"standard","meta":{"_acf_changed":false,"footnotes":""},"categories":[299],"tags":[],"class_list":["post-33866","post","type-post","status-publish","format-standard","hentry","category-poland-pl"],"acf":[],"yoast_head":"<!-- This site is optimized with the Yoast SEO plugin v23.8 - https:\/\/yoast.com\/wordpress\/plugins\/seo\/ -->\n<title>Logicenters wzmacnia pozycj\u0119 na polskim rynku magazynowym &#8211; Logicenters<\/title>\n<meta name=\"robots\" content=\"noindex, follow, max-snippet:-1, max-image-preview:large, max-video-preview:-1\" \/>\n<meta property=\"og:locale\" content=\"pl_PL\" \/>\n<meta property=\"og:type\" content=\"article\" \/>\n<meta property=\"og:title\" content=\"Logicenters wzmacnia pozycj\u0119 na polskim rynku magazynowym &#8211; Logicenters\" \/>\n<meta property=\"og:description\" content=\"Nale\u017c\u0105ca do Nrep logistyczna platforma Logicenters, przej\u0119\u0142a wi\u0119kszo\u015b\u0107 udzia\u0142\u00f3w polskiego dewelopera 7R. Inwestycja o warto\u015bci 200...\" \/>\n<meta property=\"og:url\" content=\"https:\/\/www.logicenters.sultandev.se\/pl\/logicenters-wzmacnia-pozycje-na-polskim-rynku-magazynowym\/\" \/>\n<meta property=\"og:site_name\" content=\"Logicenters\" \/>\n<meta property=\"article:published_time\" content=\"2023-08-10T08:00:12+00:00\" \/>\n<meta property=\"article:modified_time\" content=\"2023-08-10T08:10:44+00:00\" \/>\n<meta name=\"author\" content=\"Ludwig Persson\" \/>\n<meta name=\"twitter:card\" content=\"summary_large_image\" \/>\n<meta name=\"twitter:label1\" content=\"Written by\" \/>\n\t<meta name=\"twitter:data1\" content=\"Ludwig Persson\" \/>\n\t<meta name=\"twitter:label2\" content=\"Est. reading time\" \/>\n\t<meta name=\"twitter:data2\" content=\"1 minute\" \/>\n<script type=\"application\/ld+json\" class=\"yoast-schema-graph\">{\"@context\":\"https:\/\/schema.org\",\"@graph\":[{\"@type\":\"Article\",\"@id\":\"https:\/\/www.logicenters.sultandev.se\/pl\/logicenters-wzmacnia-pozycje-na-polskim-rynku-magazynowym\/#article\",\"isPartOf\":{\"@id\":\"https:\/\/www.logicenters.sultandev.se\/pl\/logicenters-wzmacnia-pozycje-na-polskim-rynku-magazynowym\/\"},\"author\":{\"name\":\"Ludwig Persson\",\"@id\":\"http:\/\/www.logicenters.sultandev.se\/#\/schema\/person\/8380cf72678e4fc57ee72471da871852\"},\"headline\":\"Logicenters wzmacnia pozycj\u0119 na polskim rynku magazynowym\",\"datePublished\":\"2023-08-10T08:00:12+00:00\",\"dateModified\":\"2023-08-10T08:10:44+00:00\",\"mainEntityOfPage\":{\"@id\":\"https:\/\/www.logicenters.sultandev.se\/pl\/logicenters-wzmacnia-pozycje-na-polskim-rynku-magazynowym\/\"},\"wordCount\":297,\"publisher\":{\"@id\":\"http:\/\/www.logicenters.sultandev.se\/#organization\"},\"articleSection\":[\"Poland\"],\"inLanguage\":\"pl-PL\"},{\"@type\":\"WebPage\",\"@id\":\"https:\/\/www.logicenters.sultandev.se\/pl\/logicenters-wzmacnia-pozycje-na-polskim-rynku-magazynowym\/\",\"url\":\"https:\/\/www.logicenters.sultandev.se\/pl\/logicenters-wzmacnia-pozycje-na-polskim-rynku-magazynowym\/\",\"name\":\"Logicenters wzmacnia pozycj\u0119 na polskim rynku magazynowym &#8211; Logicenters\",\"isPartOf\":{\"@id\":\"http:\/\/www.logicenters.sultandev.se\/#website\"},\"datePublished\":\"2023-08-10T08:00:12+00:00\",\"dateModified\":\"2023-08-10T08:10:44+00:00\",\"breadcrumb\":{\"@id\":\"https:\/\/www.logicenters.sultandev.se\/pl\/logicenters-wzmacnia-pozycje-na-polskim-rynku-magazynowym\/#breadcrumb\"},\"inLanguage\":\"pl-PL\",\"potentialAction\":[{\"@type\":\"ReadAction\",\"target\":[\"https:\/\/www.logicenters.sultandev.se\/pl\/logicenters-wzmacnia-pozycje-na-polskim-rynku-magazynowym\/\"]}]},{\"@type\":\"BreadcrumbList\",\"@id\":\"https:\/\/www.logicenters.sultandev.se\/pl\/logicenters-wzmacnia-pozycje-na-polskim-rynku-magazynowym\/#breadcrumb\",\"itemListElement\":[{\"@type\":\"ListItem\",\"position\":1,\"name\":\"Home\",\"item\":\"https:\/\/www.logicenters.sultandev.se\/pl\/\"},{\"@type\":\"ListItem\",\"position\":2,\"name\":\"Logicenters wzmacnia pozycj\u0119 na polskim rynku magazynowym\"}]},{\"@type\":\"WebSite\",\"@id\":\"http:\/\/www.logicenters.sultandev.se\/#website\",\"url\":\"http:\/\/www.logicenters.sultandev.se\/\",\"name\":\"Logicenters\",\"description\":\"The leader of modern logistics properties in the nordics\",\"publisher\":{\"@id\":\"http:\/\/www.logicenters.sultandev.se\/#organization\"},\"potentialAction\":[{\"@type\":\"SearchAction\",\"target\":{\"@type\":\"EntryPoint\",\"urlTemplate\":\"http:\/\/www.logicenters.sultandev.se\/?s={search_term_string}\"},\"query-input\":{\"@type\":\"PropertyValueSpecification\",\"valueRequired\":true,\"valueName\":\"search_term_string\"}}],\"inLanguage\":\"pl-PL\"},{\"@type\":\"Organization\",\"@id\":\"http:\/\/www.logicenters.sultandev.se\/#organization\",\"name\":\"Logicenters\",\"url\":\"http:\/\/www.logicenters.sultandev.se\/\",\"logo\":{\"@type\":\"ImageObject\",\"inLanguage\":\"pl-PL\",\"@id\":\"http:\/\/www.logicenters.sultandev.se\/#\/schema\/logo\/image\/\",\"url\":\"https:\/\/logicenters.sultandev.se\/uploads\/2024\/10\/LOGGA.png\",\"contentUrl\":\"https:\/\/logicenters.sultandev.se\/uploads\/2024\/10\/LOGGA.png\",\"width\":600,\"height\":74,\"caption\":\"Logicenters\"},\"image\":{\"@id\":\"http:\/\/www.logicenters.sultandev.se\/#\/schema\/logo\/image\/\"},\"sameAs\":[\"https:\/\/www.linkedin.com\/company\/logicenters\/yoast\"]},{\"@type\":\"Person\",\"@id\":\"http:\/\/www.logicenters.sultandev.se\/#\/schema\/person\/8380cf72678e4fc57ee72471da871852\",\"name\":\"Ludwig Persson\",\"sameAs\":[\"http:\/\/www.logicenters.com\"]}]}<\/script>\n<!-- \/ Yoast SEO plugin. -->","yoast_head_json":{"title":"Logicenters wzmacnia pozycj\u0119 na polskim rynku magazynowym &#8211; Logicenters","robots":{"index":"noindex","follow":"follow","max-snippet":"max-snippet:-1","max-image-preview":"max-image-preview:large","max-video-preview":"max-video-preview:-1"},"og_locale":"pl_PL","og_type":"article","og_title":"Logicenters wzmacnia pozycj\u0119 na polskim rynku magazynowym &#8211; Logicenters","og_description":"Nale\u017c\u0105ca do Nrep logistyczna platforma Logicenters, przej\u0119\u0142a wi\u0119kszo\u015b\u0107 udzia\u0142\u00f3w polskiego dewelopera 7R. Inwestycja o warto\u015bci 200...","og_url":"https:\/\/www.logicenters.sultandev.se\/pl\/logicenters-wzmacnia-pozycje-na-polskim-rynku-magazynowym\/","og_site_name":"Logicenters","article_published_time":"2023-08-10T08:00:12+00:00","article_modified_time":"2023-08-10T08:10:44+00:00","author":"Ludwig Persson","twitter_card":"summary_large_image","twitter_misc":{"Written by":"Ludwig Persson","Est. reading time":"1 minute"},"schema":{"@context":"https:\/\/schema.org","@graph":[{"@type":"Article","@id":"https:\/\/www.logicenters.sultandev.se\/pl\/logicenters-wzmacnia-pozycje-na-polskim-rynku-magazynowym\/#article","isPartOf":{"@id":"https:\/\/www.logicenters.sultandev.se\/pl\/logicenters-wzmacnia-pozycje-na-polskim-rynku-magazynowym\/"},"author":{"name":"Ludwig Persson","@id":"http:\/\/www.logicenters.sultandev.se\/#\/schema\/person\/8380cf72678e4fc57ee72471da871852"},"headline":"Logicenters wzmacnia pozycj\u0119 na polskim rynku magazynowym","datePublished":"2023-08-10T08:00:12+00:00","dateModified":"2023-08-10T08:10:44+00:00","mainEntityOfPage":{"@id":"https:\/\/www.logicenters.sultandev.se\/pl\/logicenters-wzmacnia-pozycje-na-polskim-rynku-magazynowym\/"},"wordCount":297,"publisher":{"@id":"http:\/\/www.logicenters.sultandev.se\/#organization"},"articleSection":["Poland"],"inLanguage":"pl-PL"},{"@type":"WebPage","@id":"https:\/\/www.logicenters.sultandev.se\/pl\/logicenters-wzmacnia-pozycje-na-polskim-rynku-magazynowym\/","url":"https:\/\/www.logicenters.sultandev.se\/pl\/logicenters-wzmacnia-pozycje-na-polskim-rynku-magazynowym\/","name":"Logicenters wzmacnia pozycj\u0119 na polskim rynku magazynowym &#8211; Logicenters","isPartOf":{"@id":"http:\/\/www.logicenters.sultandev.se\/#website"},"datePublished":"2023-08-10T08:00:12+00:00","dateModified":"2023-08-10T08:10:44+00:00","breadcrumb":{"@id":"https:\/\/www.logicenters.sultandev.se\/pl\/logicenters-wzmacnia-pozycje-na-polskim-rynku-magazynowym\/#breadcrumb"},"inLanguage":"pl-PL","potentialAction":[{"@type":"ReadAction","target":["https:\/\/www.logicenters.sultandev.se\/pl\/logicenters-wzmacnia-pozycje-na-polskim-rynku-magazynowym\/"]}]},{"@type":"BreadcrumbList","@id":"https:\/\/www.logicenters.sultandev.se\/pl\/logicenters-wzmacnia-pozycje-na-polskim-rynku-magazynowym\/#breadcrumb","itemListElement":[{"@type":"ListItem","position":1,"name":"Home","item":"https:\/\/www.logicenters.sultandev.se\/pl\/"},{"@type":"ListItem","position":2,"name":"Logicenters wzmacnia pozycj\u0119 na polskim rynku magazynowym"}]},{"@type":"WebSite","@id":"http:\/\/www.logicenters.sultandev.se\/#website","url":"http:\/\/www.logicenters.sultandev.se\/","name":"Logicenters","description":"The leader of modern logistics properties in the nordics","publisher":{"@id":"http:\/\/www.logicenters.sultandev.se\/#organization"},"potentialAction":[{"@type":"SearchAction","target":{"@type":"EntryPoint","urlTemplate":"http:\/\/www.logicenters.sultandev.se\/?s={search_term_string}"},"query-input":{"@type":"PropertyValueSpecification","valueRequired":true,"valueName":"search_term_string"}}],"inLanguage":"pl-PL"},{"@type":"Organization","@id":"http:\/\/www.logicenters.sultandev.se\/#organization","name":"Logicenters","url":"http:\/\/www.logicenters.sultandev.se\/","logo":{"@type":"ImageObject","inLanguage":"pl-PL","@id":"http:\/\/www.logicenters.sultandev.se\/#\/schema\/logo\/image\/","url":"https:\/\/logicenters.sultandev.se\/uploads\/2024\/10\/LOGGA.png","contentUrl":"https:\/\/logicenters.sultandev.se\/uploads\/2024\/10\/LOGGA.png","width":600,"height":74,"caption":"Logicenters"},"image":{"@id":"http:\/\/www.logicenters.sultandev.se\/#\/schema\/logo\/image\/"},"sameAs":["https:\/\/www.linkedin.com\/company\/logicenters\/yoast"]},{"@type":"Person","@id":"http:\/\/www.logicenters.sultandev.se\/#\/schema\/person\/8380cf72678e4fc57ee72471da871852","name":"Ludwig Persson","sameAs":["http:\/\/www.logicenters.com"]}]}},"_links":{"self":[{"href":"https:\/\/www.logicenters.sultandev.se\/pl\/wp-json\/wp\/v2\/posts\/33866","targetHints":{"allow":["GET"]}}],"collection":[{"href":"https:\/\/www.logicenters.sultandev.se\/pl\/wp-json\/wp\/v2\/posts"}],"about":[{"href":"https:\/\/www.logicenters.sultandev.se\/pl\/wp-json\/wp\/v2\/types\/post"}],"author":[{"embeddable":true,"href":"https:\/\/www.logicenters.sultandev.se\/pl\/wp-json\/wp\/v2\/users\/13"}],"replies":[{"embeddable":true,"href":"https:\/\/www.logicenters.sultandev.se\/pl\/wp-json\/wp\/v2\/comments?post=33866"}],"version-history":[{"count":1,"href":"https:\/\/www.logicenters.sultandev.se\/pl\/wp-json\/wp\/v2\/posts\/33866\/revisions"}],"predecessor-version":[{"id":33867,"href":"https:\/\/www.logicenters.sultandev.se\/pl\/wp-json\/wp\/v2\/posts\/33866\/revisions\/33867"}],"wp:attachment":[{"href":"https:\/\/www.logicenters.sultandev.se\/pl\/wp-json\/wp\/v2\/media?parent=33866"}],"wp:term":[{"taxonomy":"category","embeddable":true,"href":"https:\/\/www.logicenters.sultandev.se\/pl\/wp-json\/wp\/v2\/categories?post=33866"},{"taxonomy":"post_tag","embeddable":true,"href":"https:\/\/www.logicenters.sultandev.se\/pl\/wp-json\/wp\/v2\/tags?post=33866"}],"curies":[{"name":"wp","href":"https:\/\/api.w.org\/{rel}","templated":true}]}}